{"id":91531,"date":"2024-09-19T21:30:52","date_gmt":"2024-09-19T21:30:52","guid":{"rendered":"http:\/\/mppee.gob.ve\/?p=91531"},"modified":"2024-09-19T21:30:54","modified_gmt":"2024-09-19T21:30:54","slug":"corpoelec-brindara-asesoria-especializada-a-usuarios-guariquenos","status":"publish","type":"post","link":"https:\/\/mppee.gob.ve\/?p=91531","title":{"rendered":"Corpoelec brindar\u00e1 asesor\u00eda especializada a usuarios guarique\u00f1os"},"content":{"rendered":"\n<p><strong>Estado Gu\u00e1rico.- <\/strong>En aras de brindar la asesor\u00eda en tr\u00e1mites relacionados con el servicio el\u00e9ctrico, este viernes 20 y s\u00e1bado 21 de septiembre, la Corporaci\u00f3n El\u00e9ctrica Nacional (Corpoelec) desplegar\u00e1 operativos a trav\u00e9s de stands de los Centros Integrales Atenci\u00f3n al Usuario (CIAU) del estado Gu\u00e1rico<strong>.<\/strong><\/p>\n\n\n\n<p>Durante la jornada, los usuarios contar\u00e1n con atenci\u00f3n integral personalizada para actualizar datos en el sistema, recibir notificaciones de deuda y realizar el pago de sus facturas.<\/p>\n\n\n\n<p>El despliegue se efectuar\u00e1 en los siguientes municipios de la entidad llanera, en un horario comprendido desde las 8:30 de la ma\u00f1ana hasta las 2 de la tarde.<\/p>\n\n\n\n<p><strong>Viernes 20\/09:<\/strong><\/p>\n\n\n\n<ul class=\"wp-block-list\">\n<li>Urbanizaci\u00f3n El Sam\u00e1n, parroquia Calabozo, municipio Francisco de Miranda.<\/li>\n<\/ul>\n\n\n\n<p><strong>S\u00e1bado 21\/09:<\/strong><\/p>\n\n\n\n<ul class=\"wp-block-list\">\n<li>Urbanizaci\u00f3n Palma Real, parroquia Valle de la Pascua, municipio Leonardo Infante<\/li>\n<\/ul>\n\n\n\n<ul class=\"wp-block-list\">\n<li>Urbanizaci\u00f3n La Villa Americana, parroquia Altagracia de Orituco, municipio Jos\u00e9 Tadeo Monagas<\/li>\n<\/ul>\n\n\n\n<ul class=\"wp-block-list\">\n<li>Urbanizaci\u00f3n Lazo Mart\u00ed, parroquia Calabozo, municipio Francisco de Miranda<\/li>\n<\/ul>\n\n\n\n<p>Es importante destacar que el \u00fanico m\u00e9todo de pago autorizado ser\u00e1 punto de venta.<\/p>\n\n\n\n<p>Para mayor informaci\u00f3n sobre las Jornadas Integrales de Atenci\u00f3n al Usuario, puede visitar la cuenta @corpoelecinfo en la red social Instagram.<\/p>\n\n\n\n<p><strong>Prensa MPPEE-Corpoelec<\/strong><\/p>\n","protected":false},"excerpt":{"rendered":"<p>Estado Gu\u00e1rico.- En aras de brindar la asesor\u00eda en tr\u00e1mites relacionados con el servicio el\u00e9ctrico, este viernes 20 y s\u00e1bado<\/p>\n","protected":false},"author":22,"featured_media":91330,"comment_status":"closed","ping_status":"closed","sticky":false,"template":"","format":"standard","meta":{"footnotes":""},"categories":[1,30],"tags":[2691,2729,11,46],"class_list":["post-91531","post","type-post","status-publish","format-standard","has-post-thumbnail","hentry","category-mppee","category-regionales","tag-corpoelec","tag-guarico","tag-mppee","tag-venezuela"],"_links":{"self":[{"href":"https:\/\/mppee.gob.ve\/index.php?rest_route=\/wp\/v2\/posts\/91531","targetHints":{"allow":["GET"]}}],"collection":[{"href":"https:\/\/mppee.gob.ve\/index.php?rest_route=\/wp\/v2\/posts"}],"about":[{"href":"https:\/\/mppee.gob.ve\/index.php?rest_route=\/wp\/v2\/types\/post"}],"author":[{"embeddable":true,"href":"https:\/\/mppee.gob.ve\/index.php?rest_route=\/wp\/v2\/users\/22"}],"replies":[{"embeddable":true,"href":"https:\/\/mppee.gob.ve\/index.php?rest_route=%2Fwp%2Fv2%2Fcomments&post=91531"}],"version-history":[{"count":1,"href":"https:\/\/mppee.gob.ve\/index.php?rest_route=\/wp\/v2\/posts\/91531\/revisions"}],"predecessor-version":[{"id":91534,"href":"https:\/\/mppee.gob.ve\/index.php?rest_route=\/wp\/v2\/posts\/91531\/revisions\/91534"}],"wp:featuredmedia":[{"embeddable":true,"href":"https:\/\/mppee.gob.ve\/index.php?rest_route=\/wp\/v2\/media\/91330"}],"wp:attachment":[{"href":"https:\/\/mppee.gob.ve\/index.php?rest_route=%2Fwp%2Fv2%2Fmedia&parent=91531"}],"wp:term":[{"taxonomy":"category","embeddable":true,"href":"https:\/\/mppee.gob.ve\/index.php?rest_route=%2Fwp%2Fv2%2Fcategories&post=91531"},{"taxonomy":"post_tag","embeddable":true,"href":"https:\/\/mppee.gob.ve\/index.php?rest_route=%2Fwp%2Fv2%2Ftags&post=91531"}],"curies":[{"name":"wp","href":"https:\/\/api.w.org\/{rel}","templated":true}]}}