{"id":91541,"date":"2024-09-20T13:59:59","date_gmt":"2024-09-20T13:59:59","guid":{"rendered":"http:\/\/mppee.gob.ve\/?p=91541"},"modified":"2024-09-20T14:00:01","modified_gmt":"2024-09-20T14:00:01","slug":"usuarios-en-el-estado-apure-contaran-con-jornadas-de-atencion-de-corpoelec","status":"publish","type":"post","link":"https:\/\/mppee.gob.ve\/?p=91541","title":{"rendered":"Usuarios en el estado Apure contar\u00e1n con jornadas de atenci\u00f3n de Corpoelec"},"content":{"rendered":"\n<p><strong>Estado Apure.- <\/strong>La Corporaci\u00f3n El\u00e9ctrica Nacional (Corpoelec) desplegar\u00e1 este s\u00e1bado 21 de septiembre operativos, a trav\u00e9s de stands de los Centros Integrales de Atenci\u00f3n al Usuario (CIAU), para realizar tr\u00e1mites sobre la actualizaci\u00f3n de datos, pago de facturas y notificaci\u00f3n de deudas en los siete municipios del estado Apure.<\/p>\n\n\n\n<p>Las jornadas estar\u00e1n dirigidas a usuarios residenciales y comerciales en un horario desde 08:00 de la ma\u00f1ana hasta las 4:00 de la tarde.<\/p>\n\n\n\n<p>Los stands contar\u00e1n con el m\u00e9todo autorizado de punto de venta para cancelar la deuda de su factura del servicio. A continuaci\u00f3n se mencionan los sectores donde estar\u00e1n desplegadas:<\/p>\n\n\n\n<ul class=\"wp-block-list\">\n<li>Sector Centro, parroquia San Fernando, municipio San Fernando.<\/li>\n<\/ul>\n\n\n\n<ul class=\"wp-block-list\">\n<li>Urbanizaci\u00f3n Santa In\u00e9s, parroquia Biruaca, municipio Biruaca.<\/li>\n<\/ul>\n\n\n\n<ul class=\"wp-block-list\">\n<li>Avenida Bol\u00edvar, parroquia Achaguas, municipio Achaguas.<\/li>\n<\/ul>\n\n\n\n<ul class=\"wp-block-list\">\n<li>Avenida Libertador, parroquia Mantecal, municipio Mu\u00f1oz.<\/li>\n<\/ul>\n\n\n\n<ul class=\"wp-block-list\">\n<li>Calle Cede\u00f1o frente a Expresos Los Llanos, parroquia Guasdualito, municipio P\u00e1ez.<\/li>\n<\/ul>\n\n\n\n<ul class=\"wp-block-list\">\n<li>Sector La Esperanza y avenida Libertador, parroquia San Camilo, municipio P\u00e1ez<\/li>\n<\/ul>\n\n\n\n<ul class=\"wp-block-list\">\n<li>Sector Matadero, parroquia Elorza, municipio R\u00f3mulo Gallegos.<\/li>\n<\/ul>\n\n\n\n<p>Para ampliar la informaci\u00f3n sobre las Jornadas Integrales de Atenci\u00f3n al Usuario Corpoelec pone a la disposici\u00f3n la plataforma oficial de Instagram @corpoelecinfo.<\/p>\n\n\n\n<p><strong>Prensa MPPEE-Corpoelec<\/strong><\/p>\n","protected":false},"excerpt":{"rendered":"<p>Estado Apure.- La Corporaci\u00f3n El\u00e9ctrica Nacional (Corpoelec) desplegar\u00e1 este s\u00e1bado 21 de septiembre operativos, a trav\u00e9s de stands de los<\/p>\n","protected":false},"author":22,"featured_media":91324,"comment_status":"closed","ping_status":"closed","sticky":false,"template":"","format":"standard","meta":{"footnotes":""},"categories":[1,30],"tags":[2722,2691,11,46],"class_list":["post-91541","post","type-post","status-publish","format-standard","has-post-thumbnail","hentry","category-mppee","category-regionales","tag-apure","tag-corpoelec","tag-mppee","tag-venezuela"],"_links":{"self":[{"href":"https:\/\/mppee.gob.ve\/index.php?rest_route=\/wp\/v2\/posts\/91541","targetHints":{"allow":["GET"]}}],"collection":[{"href":"https:\/\/mppee.gob.ve\/index.php?rest_route=\/wp\/v2\/posts"}],"about":[{"href":"https:\/\/mppee.gob.ve\/index.php?rest_route=\/wp\/v2\/types\/post"}],"author":[{"embeddable":true,"href":"https:\/\/mppee.gob.ve\/index.php?rest_route=\/wp\/v2\/users\/22"}],"replies":[{"embeddable":true,"href":"https:\/\/mppee.gob.ve\/index.php?rest_route=%2Fwp%2Fv2%2Fcomments&post=91541"}],"version-history":[{"count":1,"href":"https:\/\/mppee.gob.ve\/index.php?rest_route=\/wp\/v2\/posts\/91541\/revisions"}],"predecessor-version":[{"id":91542,"href":"https:\/\/mppee.gob.ve\/index.php?rest_route=\/wp\/v2\/posts\/91541\/revisions\/91542"}],"wp:featuredmedia":[{"embeddable":true,"href":"https:\/\/mppee.gob.ve\/index.php?rest_route=\/wp\/v2\/media\/91324"}],"wp:attachment":[{"href":"https:\/\/mppee.gob.ve\/index.php?rest_route=%2Fwp%2Fv2%2Fmedia&parent=91541"}],"wp:term":[{"taxonomy":"category","embeddable":true,"href":"https:\/\/mppee.gob.ve\/index.php?rest_route=%2Fwp%2Fv2%2Fcategories&post=91541"},{"taxonomy":"post_tag","embeddable":true,"href":"https:\/\/mppee.gob.ve\/index.php?rest_route=%2Fwp%2Fv2%2Ftags&post=91541"}],"curies":[{"name":"wp","href":"https:\/\/api.w.org\/{rel}","templated":true}]}}