{"id":91545,"date":"2024-09-21T23:56:59","date_gmt":"2024-09-21T23:56:59","guid":{"rendered":"http:\/\/mppee.gob.ve\/?p=91545"},"modified":"2024-09-21T23:58:37","modified_gmt":"2024-09-21T23:58:37","slug":"fitelven-2024-culmina-con-alianzas-estrategicas-para-el-desarrollo-del-pais","status":"publish","type":"post","link":"https:\/\/mppee.gob.ve\/?p=91545","title":{"rendered":"Fitelven 2024 culmina con alianzas estrat\u00e9gicas para el desarrollo del pa\u00eds"},"content":{"rendered":"\n<p><strong>Poliedro de Caracas, La Rinconada.-<\/strong> Con \u00e9xito total culmin\u00f3 la II edici\u00f3n de la Feria Internacional de Telecomunicaciones (Fitelven) 2024, espacio en el cual se sellaron alianzas estrat\u00e9gicas para el desarrollo del sector que trascienden nuestras fronteras.<\/p>\n\n\n\n<p> El vicepresidente sectorial de Obras P\u00fablicas y Servicios, Jorge M\u00e1rquez, calific\u00f3 como \u201cextraordinario\u201d el encuentro en el que se dieron cita m\u00e1s de 100 empresas nacionales e internacionales abordando temas en tendencia como la expansi\u00f3n de la red 5G, la ciberseguridad, inteligencia artificial, la transformaci\u00f3n digital, entre otros. <\/p>\n\n\n\n<p>Desde el Poliedro de Caracas, ubicado en La Rinconada, el Vicepresidente Sectorial inform\u00f3 que este encuentro arroj\u00f3 resultados positivos, al tiempo que propici\u00f3 oportunidades para desarrollar planes, productos y servicios de las telecomunicaciones en Venezuela. <\/p>\n\n\n\n<p>M\u00e1rquez felicit\u00f3 a las empresas participantes, tanto p\u00fablicas como privadas, \u201cporque estamos preparados para grandes cosas y grandes cosas est\u00e1n por venir\u201d, al tiempo que convoc\u00f3 a otras empresas a sumarse en la pr\u00f3xima edici\u00f3n a realizarse en septiembre de 2025.<\/p>\n\n\n\n<p>\u201cQuiero agradecerles, en nombre del presidente Nicol\u00e1s Maduro, por confiar en nuestro pa\u00eds, por confiar en nuestra Patria, por confiar en nuestro pueblo, hay muchas cosas por hacer y creo que estamos en el camino correcto. Estamos en la consolidaci\u00f3n del sector de telecomunicaciones de nuestro pa\u00eds\u201d, expres\u00f3 el tambi\u00e9n Director General de la Comisi\u00f3n Nacional de Telecomunicaciones de Venezuela (Conatel). <\/p>\n\n\n\n<p>Constituida como \u201cuna instituci\u00f3n\u201d, en palabras de M\u00e1rquez, la tercera edici\u00f3n se perfila como un nuevo punto de encuentro, en aras de avanzar en nuevas estrategias que permitan consolidar nuevos modelos econ\u00f3micos basados en el desarrollo del sector telecomunicaciones. <\/p>\n\n\n\n<p><strong>Prensa MPPEE-Corpoelec<\/strong><\/p>\n","protected":false},"excerpt":{"rendered":"<p>Poliedro de Caracas, La Rinconada.- Con \u00e9xito total culmin\u00f3 la II edici\u00f3n de la Feria Internacional de Telecomunicaciones (Fitelven) 2024,<\/p>\n","protected":false},"author":22,"featured_media":91558,"comment_status":"closed","ping_status":"closed","sticky":false,"template":"","format":"standard","meta":{"footnotes":""},"categories":[1],"tags":[],"class_list":["post-91545","post","type-post","status-publish","format-standard","has-post-thumbnail","hentry","category-mppee"],"_links":{"self":[{"href":"https:\/\/mppee.gob.ve\/index.php?rest_route=\/wp\/v2\/posts\/91545","targetHints":{"allow":["GET"]}}],"collection":[{"href":"https:\/\/mppee.gob.ve\/index.php?rest_route=\/wp\/v2\/posts"}],"about":[{"href":"https:\/\/mppee.gob.ve\/index.php?rest_route=\/wp\/v2\/types\/post"}],"author":[{"embeddable":true,"href":"https:\/\/mppee.gob.ve\/index.php?rest_route=\/wp\/v2\/users\/22"}],"replies":[{"embeddable":true,"href":"https:\/\/mppee.gob.ve\/index.php?rest_route=%2Fwp%2Fv2%2Fcomments&post=91545"}],"version-history":[{"count":1,"href":"https:\/\/mppee.gob.ve\/index.php?rest_route=\/wp\/v2\/posts\/91545\/revisions"}],"predecessor-version":[{"id":91562,"href":"https:\/\/mppee.gob.ve\/index.php?rest_route=\/wp\/v2\/posts\/91545\/revisions\/91562"}],"wp:featuredmedia":[{"embeddable":true,"href":"https:\/\/mppee.gob.ve\/index.php?rest_route=\/wp\/v2\/media\/91558"}],"wp:attachment":[{"href":"https:\/\/mppee.gob.ve\/index.php?rest_route=%2Fwp%2Fv2%2Fmedia&parent=91545"}],"wp:term":[{"taxonomy":"category","embeddable":true,"href":"https:\/\/mppee.gob.ve\/index.php?rest_route=%2Fwp%2Fv2%2Fcategories&post=91545"},{"taxonomy":"post_tag","embeddable":true,"href":"https:\/\/mppee.gob.ve\/index.php?rest_route=%2Fwp%2Fv2%2Ftags&post=91545"}],"curies":[{"name":"wp","href":"https:\/\/api.w.org\/{rel}","templated":true}]}}