{"id":91547,"date":"2024-09-21T15:52:17","date_gmt":"2024-09-21T15:52:17","guid":{"rendered":"http:\/\/mppee.gob.ve\/?p=91547"},"modified":"2024-09-21T15:52:19","modified_gmt":"2024-09-21T15:52:19","slug":"caracas-y-teheran-reafirman-disposicion-de-fortalecer-el-sector-telecomunicaciones","status":"publish","type":"post","link":"https:\/\/mppee.gob.ve\/?p=91547","title":{"rendered":"Caracas y Teher\u00e1n reafirman disposici\u00f3n de fortalecer el sector telecomunicaciones"},"content":{"rendered":"\n<p><strong>Poliedro de Caracas, La Rinconada.-<\/strong>\u00a0La II edici\u00f3n de la Feria Internacional de Telecomunicaciones (Fitelven) 2024, se ha consolidado como el epicentro del desarrollo de proyectos y propuestas que buscan impulsar la ejecuci\u00f3n de nuevas asociaciones entre pa\u00edses.<\/p>\n\n\n\n<p>Una muestra de ello, es la firma de las cartas de intenci\u00f3n realizada este s\u00e1bado, como parte de las alianzas establecidas entre Venezuela e Ir\u00e1n, para debatir estrategias que permitan el desarrollo de las telecomunicaciones en beneficio de los pueblos.<\/p>\n\n\n\n<p>Durante la actividad, desarrollada en el Poliedro de Caracas, el vicepresidente sectorial de Obras P\u00fablicas y Servicios, Jorge M\u00e1rquez, resalt\u00f3 los lazos que sientan las bases para el desarrollo y prosperidad econ\u00f3mica del pa\u00eds.<\/p>\n\n\n\n<p>En este sentido, inst\u00f3 a ser \u201cpragm\u00e1ticos y avanzar, porque no podemos fallarle a nuestros pa\u00edses y a nuestros pueblos (\u2026) hoy es el d\u00eda uno de esta continuaci\u00f3n de hermandad entre nuestros pa\u00edses (\u2026) es una alianza que va a trascender en el pa\u00eds, no podemos fallar\u201d, destac\u00f3 M\u00e1rquez.<\/p>\n\n\n\n<p>Al respecto, se\u00f1al\u00f3 la importancia de coincidir en resultados oportunos, efectivos y productivos, \u201cporque nos vamos a convertir en uno de los pa\u00edses o uno de los pocos pa\u00edses fabricantes y exportadores de fibra -\u00f3ptica- para el mundo\u201d.<\/p>\n\n\n\n<p>Puntualiz\u00f3 que, estos acuerdos buscan generar empleos, adem\u00e1s de fortalecer la econom\u00eda de las naciones participantes.<br>Por su parte, Jos\u00e9 Alejandro Ter\u00e1n, gobernador de La Guaira, subray\u00f3 la importancia de la creaci\u00f3n de las Zonas Econ\u00f3micas Especiales (ZEE) en varios puntos del territorio venezolano, pues ha permitido diversificar la econom\u00eda y desarrollar estrategias que beneficien al pueblo venezolano, as\u00ed como tambi\u00e9n atraer inversi\u00f3n nacional y extranjera.<\/p>\n\n\n\n<p>\u201cEl gran desaf\u00edo que ha asumido el l\u00edder de este pa\u00eds, el presidente Nicol\u00e1s Maduro, es desarrollar una nueva econom\u00eda post rentista, a trav\u00e9s de la estrategia de la diversificaci\u00f3n aprovechando todas las potencialidades con las que cuenta el pueblo de Venezuela\u201d, indic\u00f3.<\/p>\n\n\n\n<p>En tanto, el embajador de Ir\u00e1n en Venezuela, Hojjatollah Soltani, subray\u00f3 que esta nueva alianza \u201cprofundizar\u00e1 nuestras relaciones y \u2013permitir\u00e1- unirnos en un objetivo com\u00fan, la independencia y el derecho de autodeterminaci\u00f3n, adem\u00e1s de luchar para el bienestar de los pueblos, como derecho establecido\u201d.<\/p>\n\n\n\n<p>Finalmente, puntualiz\u00f3 que la creaci\u00f3n de las ZEE es una buena raz\u00f3n para consolidar la inversi\u00f3n extranjera y \u201cun ejemplo de ello es la relaci\u00f3n bilateral entre nuestros pa\u00edses\u201d, concluy\u00f3 Soltani.<\/p>\n\n\n\n<p><strong>Prensa MPPEE-Corpoelec<\/strong><\/p>\n","protected":false},"excerpt":{"rendered":"<p>Poliedro de Caracas, La Rinconada.-\u00a0La II edici\u00f3n de la Feria Internacional de Telecomunicaciones (Fitelven) 2024, se ha consolidado como el<\/p>\n","protected":false},"author":22,"featured_media":91550,"comment_status":"closed","ping_status":"closed","sticky":false,"template":"","format":"standard","meta":{"footnotes":""},"categories":[1,15],"tags":[111,2736,46,327],"class_list":["post-91547","post","type-post","status-publish","format-standard","has-post-thumbnail","hentry","category-mppee","category-nacionales","tag-caracas","tag-telecomunicaciones","tag-venezuela","tag-vsops"],"_links":{"self":[{"href":"https:\/\/mppee.gob.ve\/index.php?rest_route=\/wp\/v2\/posts\/91547","targetHints":{"allow":["GET"]}}],"collection":[{"href":"https:\/\/mppee.gob.ve\/index.php?rest_route=\/wp\/v2\/posts"}],"about":[{"href":"https:\/\/mppee.gob.ve\/index.php?rest_route=\/wp\/v2\/types\/post"}],"author":[{"embeddable":true,"href":"https:\/\/mppee.gob.ve\/index.php?rest_route=\/wp\/v2\/users\/22"}],"replies":[{"embeddable":true,"href":"https:\/\/mppee.gob.ve\/index.php?rest_route=%2Fwp%2Fv2%2Fcomments&post=91547"}],"version-history":[{"count":1,"href":"https:\/\/mppee.gob.ve\/index.php?rest_route=\/wp\/v2\/posts\/91547\/revisions"}],"predecessor-version":[{"id":91551,"href":"https:\/\/mppee.gob.ve\/index.php?rest_route=\/wp\/v2\/posts\/91547\/revisions\/91551"}],"wp:featuredmedia":[{"embeddable":true,"href":"https:\/\/mppee.gob.ve\/index.php?rest_route=\/wp\/v2\/media\/91550"}],"wp:attachment":[{"href":"https:\/\/mppee.gob.ve\/index.php?rest_route=%2Fwp%2Fv2%2Fmedia&parent=91547"}],"wp:term":[{"taxonomy":"category","embeddable":true,"href":"https:\/\/mppee.gob.ve\/index.php?rest_route=%2Fwp%2Fv2%2Fcategories&post=91547"},{"taxonomy":"post_tag","embeddable":true,"href":"https:\/\/mppee.gob.ve\/index.php?rest_route=%2Fwp%2Fv2%2Ftags&post=91547"}],"curies":[{"name":"wp","href":"https:\/\/api.w.org\/{rel}","templated":true}]}}