{"id":91552,"date":"2024-09-21T16:27:45","date_gmt":"2024-09-21T16:27:45","guid":{"rendered":"http:\/\/mppee.gob.ve\/?p=91552"},"modified":"2024-09-21T16:40:28","modified_gmt":"2024-09-21T16:40:28","slug":"venezuela-se-perfila-como-fabricante-y-exportador-de-fibra-optica","status":"publish","type":"post","link":"https:\/\/mppee.gob.ve\/?p=91552","title":{"rendered":"Venezuela se perfila como fabricante y exportador de fibra \u00f3ptica"},"content":{"rendered":"\n<p><strong>Poliedro de Caracas, La Rinconada.-\u00a0<\/strong>Tras la firma de tres cartas de intenci\u00f3n entre la Rep\u00fablica Bolivariana de Venezuela y la Rep\u00fablica Isl\u00e1mica de Ir\u00e1n, el vicepresidente sectorial de Obras P\u00fablicas y Servicios, Jorge M\u00e1rquez, asever\u00f3 que estas nuevas alianzas trascender\u00e1n las fronteras de la naci\u00f3n suramericana.<\/p>\n\n\n\n<p>\u00abHoy celebramos, en el marco de esta Feria Internacional de Telecomunicaciones, que hemos logrado firmar tres alianzas entre la Rep\u00fablica Isl\u00e1mica de Ir\u00e1n y nuestro pa\u00eds, la Rep\u00fablica Bolivariana de Venezuela. Me comprometo con ustedes a ser el motor de esta nueva alianza que estamos firmando el d\u00eda de hoy. Esta alianza va a trascender del pa\u00eds porque nos vamos a convertir en uno de los pocos pa\u00edses fabricantes y exportadores de fibra para el mundo\u00bb, pormenoriz\u00f3.<\/p>\n\n\n\n<p>Detall\u00f3 que estos nexos comerciales permitir\u00e1n sentar las bases para la independencia tecnol\u00f3gica.<\/p>\n\n\n\n<p>\u00abEstamos uniendo esfuerzos para sacar nuestros pa\u00edses adelante. No podemos fallarle a nuestros Gobiernos, a nuestros pa\u00edses y a nuestros pueblos. Espero resultados prontos, oportunos, efectivos y productivos\u00bb, enfatiz\u00f3.<\/p>\n\n\n\n<p>La firma de las cartas de intenci\u00f3n entre Caracas y Teher\u00e1n permitir\u00e1 la construcci\u00f3n de una f\u00e1brica de fibra \u00f3ptica en el estado La Guaira, una alianza que permitir\u00e1 la generaci\u00f3n de empleos y el fortalecimiento de las econom\u00edas.<\/p>\n\n\n\n<p><strong>Prensa MPPEE-Corpoelec<\/strong><\/p>\n\n\n\n<p><\/p>\n","protected":false},"excerpt":{"rendered":"<p>Poliedro de Caracas, La Rinconada.-\u00a0Tras la firma de tres cartas de intenci\u00f3n entre la Rep\u00fablica Bolivariana de Venezuela y la<\/p>\n","protected":false},"author":22,"featured_media":91557,"comment_status":"closed","ping_status":"closed","sticky":false,"template":"","format":"standard","meta":{"footnotes":""},"categories":[1,15],"tags":[111,2736,46,327],"class_list":["post-91552","post","type-post","status-publish","format-standard","has-post-thumbnail","hentry","category-mppee","category-nacionales","tag-caracas","tag-telecomunicaciones","tag-venezuela","tag-vsops"],"_links":{"self":[{"href":"https:\/\/mppee.gob.ve\/index.php?rest_route=\/wp\/v2\/posts\/91552","targetHints":{"allow":["GET"]}}],"collection":[{"href":"https:\/\/mppee.gob.ve\/index.php?rest_route=\/wp\/v2\/posts"}],"about":[{"href":"https:\/\/mppee.gob.ve\/index.php?rest_route=\/wp\/v2\/types\/post"}],"author":[{"embeddable":true,"href":"https:\/\/mppee.gob.ve\/index.php?rest_route=\/wp\/v2\/users\/22"}],"replies":[{"embeddable":true,"href":"https:\/\/mppee.gob.ve\/index.php?rest_route=%2Fwp%2Fv2%2Fcomments&post=91552"}],"version-history":[{"count":1,"href":"https:\/\/mppee.gob.ve\/index.php?rest_route=\/wp\/v2\/posts\/91552\/revisions"}],"predecessor-version":[{"id":91555,"href":"https:\/\/mppee.gob.ve\/index.php?rest_route=\/wp\/v2\/posts\/91552\/revisions\/91555"}],"wp:featuredmedia":[{"embeddable":true,"href":"https:\/\/mppee.gob.ve\/index.php?rest_route=\/wp\/v2\/media\/91557"}],"wp:attachment":[{"href":"https:\/\/mppee.gob.ve\/index.php?rest_route=%2Fwp%2Fv2%2Fmedia&parent=91552"}],"wp:term":[{"taxonomy":"category","embeddable":true,"href":"https:\/\/mppee.gob.ve\/index.php?rest_route=%2Fwp%2Fv2%2Fcategories&post=91552"},{"taxonomy":"post_tag","embeddable":true,"href":"https:\/\/mppee.gob.ve\/index.php?rest_route=%2Fwp%2Fv2%2Ftags&post=91552"}],"curies":[{"name":"wp","href":"https:\/\/api.w.org\/{rel}","templated":true}]}}