{"id":91568,"date":"2024-09-23T21:58:48","date_gmt":"2024-09-23T21:58:48","guid":{"rendered":"http:\/\/mppee.gob.ve\/?p=91568"},"modified":"2024-09-24T00:43:44","modified_gmt":"2024-09-24T00:43:44","slug":"trabajadores-de-corpoelec-reciben-certificados-de-diplomado-de-formacion-integral","status":"publish","type":"post","link":"https:\/\/mppee.gob.ve\/?p=91568","title":{"rendered":"Trabajadores de Corpoelec reciben certificados de Diplomado de Formaci\u00f3n Integral"},"content":{"rendered":"\n<p><strong>San Bernardino, Caracas.- <\/strong>Trabajadores y trabajadoras del sector el\u00e9ctrico recibieron certificados por culminar el Diplomado de Formaci\u00f3n Integral de los Consejos Productivos de Trabajadores y Trabajadoras (CPTT) dirigido a la clase obrera de la Corporaci\u00f3n El\u00e9ctrica Nacional (Corpoelec) de Distrito Capital y Miranda.<\/p>\n\n\n\n<p>\u201cMi felicitaci\u00f3n, mi agradecimiento, s\u00e9 que son j\u00f3venes con mucho \u00edmpetu, con muchas ganas de trabajar, muchas ganas de avanzar. Ustedes son la generaci\u00f3n de relevo (\u2026) necesitamos j\u00f3venes capaces, instruidos para la tarea que tienen por venir\u201d, expres\u00f3 el ministro del Poder Popular para la Energ\u00eda El\u00e9ctrica, Jorge M\u00e1rquez, al saludar las distintas cohortes del diplomado.<\/p>\n\n\n\n<p>Desde el auditorio del Ministerio del Poder Popular para la Energ\u00eda El\u00e9ctrica (MPPEE), M\u00e1rquez agradeci\u00f3 a los trabajadores del sector por confiar en el pa\u00eds \u201cy confiar en nosotros\u201d, as\u00ed como tambi\u00e9n por el compromiso al ejecutar cada labor y maniobra ante los ataques constantes del cual es objeto el Sistema El\u00e9ctrico Nacional (SEN).<\/p>\n\n\n\n<p>La actividad, que se realiz\u00f3 de manera simult\u00e1nea en todos los estados del pa\u00eds, tambi\u00e9n fue propicia para entregar acreditaci\u00f3n como electricistas en redes de distribuci\u00f3n a trabajadores de Corpoelec, luego de completar el programa acad\u00e9mico dictado en los Centros de Formaci\u00f3n La Yaguara y Convento.<\/p>\n\n\n\n<p>\u201cUstedes son parte fundamental de esta empresa (\u2026) con cada recorrido que hago por el pa\u00eds conozco inquietudes, necesidades, requerimientos, experiencias buenas, otras no tan buenas, pero todo eso alimenta mis ganas de trabajar y sacar esta empresa adelante\u201d, expres\u00f3 M\u00e1rquez.<\/p>\n\n\n\n<p>Del mismo modo, se les otorg\u00f3 un reconocimiento a los facilitadores de los Diplomados de Formaci\u00f3n Integral y de las Cartas de Culminaci\u00f3n por su empe\u00f1o y dedicaci\u00f3n.<\/p>\n\n\n\n<p>Esta formaci\u00f3n fue posible gracias a la articulaci\u00f3n del Ministerio del Poder Popular para la Energ\u00eda El\u00e9ctrica (MPPEE) con el Ministerio del Poder Popular para el Proceso Social del Trabajo (MPPPST), la Universidad Bolivariana de los Trabajadores \u201cJes\u00fas Rivero\u201d y el Instituto Nacional de Capacitaci\u00f3n y Educaci\u00f3n Socialista (INCES).<\/p>\n\n\n\n<p>Es importante precisar, que el curso \u201cElectricistas en Redes de Distribuci\u00f3n\u201d tuvo una duraci\u00f3n de 833 horas (ocho meses), mientras que, el diplomado se desarroll\u00f3 en 129 horas (seis meses).<\/p>\n\n\n\n<p><br><strong>Prensa MPPEE-Corpoelec<\/strong><\/p>\n","protected":false},"excerpt":{"rendered":"<p>San Bernardino, Caracas.- Trabajadores y trabajadoras del sector el\u00e9ctrico recibieron certificados por culminar el Diplomado de Formaci\u00f3n Integral de los<\/p>\n","protected":false},"author":24,"featured_media":91577,"comment_status":"closed","ping_status":"closed","sticky":false,"template":"","format":"standard","meta":{"footnotes":""},"categories":[1,15,7],"tags":[],"class_list":["post-91568","post","type-post","status-publish","format-standard","has-post-thumbnail","hentry","category-mppee","category-nacionales","category-sen"],"_links":{"self":[{"href":"https:\/\/mppee.gob.ve\/index.php?rest_route=\/wp\/v2\/posts\/91568","targetHints":{"allow":["GET"]}}],"collection":[{"href":"https:\/\/mppee.gob.ve\/index.php?rest_route=\/wp\/v2\/posts"}],"about":[{"href":"https:\/\/mppee.gob.ve\/index.php?rest_route=\/wp\/v2\/types\/post"}],"author":[{"embeddable":true,"href":"https:\/\/mppee.gob.ve\/index.php?rest_route=\/wp\/v2\/users\/24"}],"replies":[{"embeddable":true,"href":"https:\/\/mppee.gob.ve\/index.php?rest_route=%2Fwp%2Fv2%2Fcomments&post=91568"}],"version-history":[{"count":2,"href":"https:\/\/mppee.gob.ve\/index.php?rest_route=\/wp\/v2\/posts\/91568\/revisions"}],"predecessor-version":[{"id":91581,"href":"https:\/\/mppee.gob.ve\/index.php?rest_route=\/wp\/v2\/posts\/91568\/revisions\/91581"}],"wp:featuredmedia":[{"embeddable":true,"href":"https:\/\/mppee.gob.ve\/index.php?rest_route=\/wp\/v2\/media\/91577"}],"wp:attachment":[{"href":"https:\/\/mppee.gob.ve\/index.php?rest_route=%2Fwp%2Fv2%2Fmedia&parent=91568"}],"wp:term":[{"taxonomy":"category","embeddable":true,"href":"https:\/\/mppee.gob.ve\/index.php?rest_route=%2Fwp%2Fv2%2Fcategories&post=91568"},{"taxonomy":"post_tag","embeddable":true,"href":"https:\/\/mppee.gob.ve\/index.php?rest_route=%2Fwp%2Fv2%2Ftags&post=91568"}],"curies":[{"name":"wp","href":"https:\/\/api.w.org\/{rel}","templated":true}]}}