{"id":91571,"date":"2024-09-23T22:19:44","date_gmt":"2024-09-23T22:19:44","guid":{"rendered":"http:\/\/mppee.gob.ve\/?p=91571"},"modified":"2024-09-23T22:19:46","modified_gmt":"2024-09-23T22:19:46","slug":"ministro-marquez-llama-al-trabajo-honesto-dentro-del-sen","status":"publish","type":"post","link":"https:\/\/mppee.gob.ve\/?p=91571","title":{"rendered":"Ministro M\u00e1rquez llama al trabajo honesto dentro del SEN"},"content":{"rendered":"\n<p><strong>San Bernardino, Caracas. &#8211; <\/strong>Al invitar a la clase obrera del sector el\u00e9ctrico del pa\u00eds a trabajar en equipo, el ministro del Poder Popular para la Energ\u00eda El\u00e9ctrica, Jorge M\u00e1rquez, destac\u00f3 el rol protag\u00f3nico de cada trabajador que hace posible que el servicio de electricidad llegue a cada hogar venezolano.<\/p>\n\n\n\n<p>\u201cLa invitaci\u00f3n es que se vengan conmigo y trabajemos con un solo equipo, porque si ustedes me ayudan, trabajadores, jubilados, pensionados (\u2026) vamos a poder levantar esta empresa\u201d, expres\u00f3 M\u00e1rquez durante el acto de entrega de certificados del Diplomado de Formaci\u00f3n Integral de los Consejos Productivos (CPTT) dirigido a la clase obrera de la Corporaci\u00f3n El\u00e9ctrica Nacional (Corpoelec).<\/p>\n\n\n\n<p>Al respecto, analiz\u00f3 que existen factores importantes para llevar a cabo la consolidaci\u00f3n del servicio el\u00e9ctrico \u00f3ptimo a la poblaci\u00f3n, entre los que destaca el trabajo y la honestidad.<\/p>\n\n\n\n<p>\u201cDos factores, dos principios fundamentales para levantar esta empresa: el trabajo y la honestidad (\u2026)\u201d apunt\u00f3, al tiempo que exhort\u00f3 a seguir form\u00e1ndose en cada una de las \u00e1reas que comprende el sistema el\u00e9ctrico.<\/p>\n\n\n\n<p>La reflexi\u00f3n la hizo el Ministro durante la entrega de certificados por culminar el Diplomado de Formaci\u00f3n Integral de los Consejos Productivos de Trabajadores y Trabajadoras (CPTT) y el curso de Electricistas en Redes de Distribuci\u00f3n, acto llevado a cabo este lunes en el auditorio del MPPEE, ubicado en Caracas.<\/p>\n\n\n\n<p><strong>Prensa MPPEE-Corpoelec<\/strong><\/p>\n","protected":false},"excerpt":{"rendered":"<p>San Bernardino, Caracas. &#8211; Al invitar a la clase obrera del sector el\u00e9ctrico del pa\u00eds a trabajar en equipo, el<\/p>\n","protected":false},"author":24,"featured_media":91573,"comment_status":"closed","ping_status":"closed","sticky":false,"template":"","format":"standard","meta":{"footnotes":""},"categories":[1,15,7],"tags":[],"class_list":["post-91571","post","type-post","status-publish","format-standard","has-post-thumbnail","hentry","category-mppee","category-nacionales","category-sen"],"_links":{"self":[{"href":"https:\/\/mppee.gob.ve\/index.php?rest_route=\/wp\/v2\/posts\/91571","targetHints":{"allow":["GET"]}}],"collection":[{"href":"https:\/\/mppee.gob.ve\/index.php?rest_route=\/wp\/v2\/posts"}],"about":[{"href":"https:\/\/mppee.gob.ve\/index.php?rest_route=\/wp\/v2\/types\/post"}],"author":[{"embeddable":true,"href":"https:\/\/mppee.gob.ve\/index.php?rest_route=\/wp\/v2\/users\/24"}],"replies":[{"embeddable":true,"href":"https:\/\/mppee.gob.ve\/index.php?rest_route=%2Fwp%2Fv2%2Fcomments&post=91571"}],"version-history":[{"count":2,"href":"https:\/\/mppee.gob.ve\/index.php?rest_route=\/wp\/v2\/posts\/91571\/revisions"}],"predecessor-version":[{"id":91575,"href":"https:\/\/mppee.gob.ve\/index.php?rest_route=\/wp\/v2\/posts\/91571\/revisions\/91575"}],"wp:featuredmedia":[{"embeddable":true,"href":"https:\/\/mppee.gob.ve\/index.php?rest_route=\/wp\/v2\/media\/91573"}],"wp:attachment":[{"href":"https:\/\/mppee.gob.ve\/index.php?rest_route=%2Fwp%2Fv2%2Fmedia&parent=91571"}],"wp:term":[{"taxonomy":"category","embeddable":true,"href":"https:\/\/mppee.gob.ve\/index.php?rest_route=%2Fwp%2Fv2%2Fcategories&post=91571"},{"taxonomy":"post_tag","embeddable":true,"href":"https:\/\/mppee.gob.ve\/index.php?rest_route=%2Fwp%2Fv2%2Ftags&post=91571"}],"curies":[{"name":"wp","href":"https:\/\/api.w.org\/{rel}","templated":true}]}}