{"id":91651,"date":"2024-09-27T15:19:02","date_gmt":"2024-09-27T15:19:02","guid":{"rendered":"http:\/\/mppee.gob.ve\/?p=91651"},"modified":"2024-09-27T15:19:04","modified_gmt":"2024-09-27T15:19:04","slug":"corpoelec-se-desplegara-en-trece-municipios-del-estado-carabobo-para-atender-a-los-usuarios-detalles","status":"publish","type":"post","link":"https:\/\/mppee.gob.ve\/?p=91651","title":{"rendered":"Corpoelec se desplegar\u00e1 en trece municipios del estado Carabobo para atender a los usuarios (+Detalles)"},"content":{"rendered":"\n<p><strong>Estado Carabobo.-&nbsp; <\/strong>La Corporaci\u00f3n El\u00e9ctrica Nacional se desplegar\u00e1 este s\u00e1bado 28 de septiembre por el estado Carabobo para atender a los usuarios de los municipios Valencia, Naguanagua, Puerto Cabello, Guacara, Los Guayos, Libertador, Montalb\u00e1n, Carlos Arvelo, Mor\u00f3n, Miranda, San Diego, Bejuma y San Joaqu\u00edn.<\/p>\n\n\n\n<p>La jornada, que se realizar\u00e1 entre las ocho de la ma\u00f1ana y la una de la tarde, permitir\u00e1 a los interesados obtener actualizaci\u00f3n de datos, notificaci\u00f3n de deuda, recepci\u00f3n de reclamos, verificaci\u00f3n de conexiones, asesor\u00eda de pago por Banca en L\u00ednea y pago de factura, bajo la modalidad de puntos de venta.<\/p>\n\n\n\n<p><strong>\u00bfEn d\u00f3nde?<\/strong><\/p>\n\n\n\n<p>Los puntos de atenci\u00f3n al usuario estar\u00e1n ubicados en:<\/p>\n\n\n\n<p><strong>Municipio Valencia:<\/strong><\/p>\n\n\n\n<ul class=\"wp-block-list\">\n<li>Centro Integral de Atenci\u00f3n al Usuario, ubicado en el edificio Torre 4, planta baja, Av. Cede\u00f1o con calle Montes de Oca, parroquia San Jos\u00e9.<\/li>\n<\/ul>\n\n\n\n<ul class=\"wp-block-list\">\n<li>Centro Integral de Atenci\u00f3n al Usuario Valencia III, ubicado en el sector 6, av. Espiga de Oro, calle n\u00famero 5, al lado de Ipostel, urbanizaci\u00f3n La Isabelica, parroquia Rafael Urdaneta.<\/li>\n<\/ul>\n\n\n\n<ul class=\"wp-block-list\">\n<li>Centro Integral de Atenci\u00f3n al Usuario Piazza, nivel Nettuno, local 11, parroquia San Jos\u00e9.<\/li>\n<\/ul>\n\n\n\n<ul class=\"wp-block-list\">\n<li>Centro Integral de Atenci\u00f3n al Usuario Valenfia I, ubicado en el Centro Comercial Valencia Center, locales 21 y 22, calle Cantaura con Soublette, parroquia Candelaria.<\/li>\n<\/ul>\n\n\n\n<ul class=\"wp-block-list\">\n<li>Centro Integral de Atenci\u00f3n al Usuario Prebo II, urbanizaci\u00f3n Prebo I, avenida 107-B, Centro Comercial Prebo, nivel Planta, parroquia San Jos\u00e9.<\/li>\n<\/ul>\n\n\n\n<p><strong>Municipio Naguanagua:<\/strong><\/p>\n\n\n\n<ul class=\"wp-block-list\">\n<li>Centro Integral de Atenci\u00f3n al Usuario V\u00eda Veneto, ubicado en el Centro Comercial V\u00eda Veneto, nivel estacionamiento, locales M5 y M6, av. Ma\u00f1ongo con calle Salvador Feo la Cruz.<\/li>\n<\/ul>\n\n\n\n<ul class=\"wp-block-list\">\n<li>Centro Integral de Atenci\u00f3n al Usuario Naguanagua, ubicado en el Centro Comercial El Dorado, entre Bol\u00edvar y prolongaci\u00f3n del cementerio Guayabal.<\/li>\n<\/ul>\n\n\n\n<p><strong>Municipio Puerto Cabello:<\/strong><\/p>\n\n\n\n<ul class=\"wp-block-list\">\n<li>Centro Integral de Atenci\u00f3n al Usuario Mari\u00f1o con calle Juncal, Centro Comercial Paseo Mari\u00f1o, piso 2, local Nro. 40, parroquia Fraternidad.<\/li>\n<\/ul>\n\n\n\n<ul class=\"wp-block-list\">\n<li>Centro Integral de Atenci\u00f3n al Usuario Guaicamacuto, m\u00e9zannos 1, local M1-4 ubicado en la urbanizaci\u00f3n Cumboto Norte, av. Salom\u00f3n parroquia Juan Jos\u00e9 Flores.<\/li>\n<\/ul>\n\n\n\n<ul class=\"wp-block-list\">\n<li>Centro Integral de Atenci\u00f3n al Usuario Consolidado, ubicado en el Centro Comercial Consolidado, planta alta y baja, local Nro. 1, calle Mari\u00f1o, parroquia Fraternidad.<\/li>\n<\/ul>\n\n\n\n<p><strong>Municipio Guacara:<\/strong><\/p>\n\n\n\n<ul class=\"wp-block-list\">\n<li>Centro Integral de Atenci\u00f3n al Usuario Alianza Mall, sector El Nepe, Centro Comercial Alianza Mall, local A-21, entrada de la urbanizaci\u00f3n Ciudad Alianza.<\/li>\n<\/ul>\n\n\n\n<ul class=\"wp-block-list\">\n<li>Centro Integral de Atenci\u00f3n al Usuario Guacara, ubicado en el local Nro. 44, av. Bol\u00edvar cruce con calle Brice\u00f1o M\u00e9ndez, parroquia Diego Ibarra.<\/li>\n<\/ul>\n\n\n\n<p><strong>Municipio Los Guayos:<\/strong><\/p>\n\n\n\n<ul class=\"wp-block-list\">\n<li>Centro Integral de Atenci\u00f3n al Usuario Los Guayos, ubicado en el Centro Comercial Los Guayos, planta baja, local #4, calle Bruzual.<\/li>\n<\/ul>\n\n\n\n<p><strong>Municipio Libertador:<\/strong><\/p>\n\n\n\n<ul class=\"wp-block-list\">\n<li>Casco Central de Tocuyito, av. Bol\u00edvar, Centro de Servicios Libertador.<\/li>\n<\/ul>\n\n\n\n<p><strong>Municipio Montalb\u00e1n:<\/strong><\/p>\n\n\n\n<ul class=\"wp-block-list\">\n<li>Avenida Carabobo, entre calle Bol\u00edvar y calle El Sol. Librer\u00eda Almar.<\/li>\n<\/ul>\n\n\n\n<p><strong>Municipio Carlos Arvelo:<\/strong><\/p>\n\n\n\n<ul class=\"wp-block-list\">\n<li>Centro Integral de Atenci\u00f3n al Usuario Central Tacarigua, ubicado en la calle El Progreso, sede Nro. 45, diagonal a la Guardia Nacional Bolivariana, parroquia Tacarigua.<\/li>\n<\/ul>\n\n\n\n<ul class=\"wp-block-list\">\n<li>Centro Integral de Atenci\u00f3n al Usuario G\u00fcig\u00fce, ubicado en el edificio Elsimar, No. 40 locales A y B, calle Arvelo, parroquia G\u00fcig\u00fce.<\/li>\n<\/ul>\n\n\n\n<p><strong>Municipio Mor\u00f3n:<\/strong><\/p>\n\n\n\n<ul class=\"wp-block-list\">\n<li>Centro Integral de Atenci\u00f3n al Usuario Mor\u00f3n, ubicado en la calle San Jos\u00e9, con calle Miranda\u00a0 diagonal a la Casa de la Cultura, edificio Corpoelec, parroquia Juan Jos\u00e9 Mora.<\/li>\n<\/ul>\n\n\n\n<p><strong>Municipio Miranda:<\/strong><\/p>\n\n\n\n<ul class=\"wp-block-list\">\n<li>Centro C\u00edvico Miranda, calle Girardot entre Carabobo y Sucre, sector El Play\u00f3n.<\/li>\n<\/ul>\n\n\n\n<p><strong>Municipio San Diego:<\/strong><\/p>\n\n\n\n<ul class=\"wp-block-list\">\n<li>Centro Integral de Atenci\u00f3n al Usuario Fin de Siglo, ubicado en el centro comercial San Diego,\u00a0 planta baja, avenida Don Julio Centeno.<\/li>\n<\/ul>\n\n\n\n<p><strong>Municipio Bejuma:<\/strong><\/p>\n\n\n\n<ul class=\"wp-block-list\">\n<li>Centro Integral de Atenci\u00f3n al Usuario Bejuma ubicado en el edificio Palermo, planta baja, avenida Bol\u00edvar con calle Piar.<\/li>\n<\/ul>\n\n\n\n<p><strong>Municipio San Joaqu\u00edn:<\/strong><\/p>\n\n\n\n<ul class=\"wp-block-list\">\n<li>Avenida Bol\u00edvar, cruce con calle Santander, n\u00famero 40, parroquia San Joaqu\u00edn<\/li>\n<\/ul>\n\n\n\n<p><strong>Para mayor informaci\u00f3n sobre las Jornadas Integrales de Atenci\u00f3n al Usuario, puede visitar&nbsp; la cuenta @corpoelecinfo en la red social Instagram.<\/strong><\/p>\n\n\n\n<p><strong>Prensa MPPEE-Corpoelec<\/strong><\/p>\n","protected":false},"excerpt":{"rendered":"<p>Estado Carabobo.-&nbsp; La Corporaci\u00f3n El\u00e9ctrica Nacional se desplegar\u00e1 este s\u00e1bado 28 de septiembre por el estado Carabobo para atender a<\/p>\n","protected":false},"author":22,"featured_media":91324,"comment_status":"closed","ping_status":"closed","sticky":false,"template":"","format":"standard","meta":{"footnotes":""},"categories":[1,30],"tags":[2692,2691,11,46],"class_list":["post-91651","post","type-post","status-publish","format-standard","has-post-thumbnail","hentry","category-mppee","category-regionales","tag-carabobo","tag-corpoelec","tag-mppee","tag-venezuela"],"_links":{"self":[{"href":"https:\/\/mppee.gob.ve\/index.php?rest_route=\/wp\/v2\/posts\/91651","targetHints":{"allow":["GET"]}}],"collection":[{"href":"https:\/\/mppee.gob.ve\/index.php?rest_route=\/wp\/v2\/posts"}],"about":[{"href":"https:\/\/mppee.gob.ve\/index.php?rest_route=\/wp\/v2\/types\/post"}],"author":[{"embeddable":true,"href":"https:\/\/mppee.gob.ve\/index.php?rest_route=\/wp\/v2\/users\/22"}],"replies":[{"embeddable":true,"href":"https:\/\/mppee.gob.ve\/index.php?rest_route=%2Fwp%2Fv2%2Fcomments&post=91651"}],"version-history":[{"count":1,"href":"https:\/\/mppee.gob.ve\/index.php?rest_route=\/wp\/v2\/posts\/91651\/revisions"}],"predecessor-version":[{"id":91652,"href":"https:\/\/mppee.gob.ve\/index.php?rest_route=\/wp\/v2\/posts\/91651\/revisions\/91652"}],"wp:featuredmedia":[{"embeddable":true,"href":"https:\/\/mppee.gob.ve\/index.php?rest_route=\/wp\/v2\/media\/91324"}],"wp:attachment":[{"href":"https:\/\/mppee.gob.ve\/index.php?rest_route=%2Fwp%2Fv2%2Fmedia&parent=91651"}],"wp:term":[{"taxonomy":"category","embeddable":true,"href":"https:\/\/mppee.gob.ve\/index.php?rest_route=%2Fwp%2Fv2%2Fcategories&post=91651"},{"taxonomy":"post_tag","embeddable":true,"href":"https:\/\/mppee.gob.ve\/index.php?rest_route=%2Fwp%2Fv2%2Ftags&post=91651"}],"curies":[{"name":"wp","href":"https:\/\/api.w.org\/{rel}","templated":true}]}}