{"id":91659,"date":"2024-09-27T15:58:26","date_gmt":"2024-09-27T15:58:26","guid":{"rendered":"http:\/\/mppee.gob.ve\/?p=91659"},"modified":"2024-09-27T16:03:43","modified_gmt":"2024-09-27T16:03:43","slug":"corpoelec-despliega-jornada-de-atencion-a-usuarios-residenciales-en-lara","status":"publish","type":"post","link":"https:\/\/mppee.gob.ve\/?p=91659","title":{"rendered":"Corpoelec despliega jornada de atenci\u00f3n a usuarios residenciales en Lara"},"content":{"rendered":"\n<p><strong>Estado Lara.- <\/strong>Con el prop\u00f3sito de atender a los usuarios, la Corporaci\u00f3n El\u00e9ctrica Nacional (Corpoelec) realizar\u00e1 este s\u00e1bado 28 de septiembre una Jornada de Atenci\u00f3n a Usuarios Residenciales en la entidad larense.<\/p>\n\n\n\n<p>El despliegue tendr\u00e1 lugar en los Centros Integrales de Atenci\u00f3n al Usuario (CIAU) ubicados en los municipios Iribarren, Torres, Palavecino y Mor\u00e1n, en el horario comprendido entre 8:00 de la ma\u00f1ana a 1:00 de la tarde. <\/p>\n\n\n\n<p>D0urante el evento sabatino, el personal de la estatal el\u00e9ctrica ofrecer\u00e1 a los usuarios la oportunidad de actualizar datos, realizar notificaciones de deudas y pagos de facturas a trav\u00e9s de puntos de venta.<\/p>\n\n\n\n<p><strong>\u00bfEn d\u00f3nde?<\/strong><\/p>\n\n\n\n<p><strong>Municipio Iribarren:<\/strong> Avenida Vargas con carrera 24, edificio Corpoelec. Barquisimeto. <\/p>\n\n\n\n<p><strong>Municipio Torres: <\/strong>Avenida Francisco de Miranda sede principal de Corpoelec. Carora. <\/p>\n\n\n\n<p><strong>Municipio Palavecino:<\/strong> Avenida La Mata con Avenida Libertador. Cabudare.<\/p>\n\n\n\n<p><strong>Municipio Mor\u00e1n:<\/strong> Urbanizaci\u00f3n El Bosque Subestaci\u00f3n El\u00e9ctrica El Tocuyo.<\/p>\n\n\n\n<p>Para mayor informaci\u00f3n est\u00e1 a su disposici\u00f3n la cuenta @corpoelecinfo en la red social Instagram.<\/p>\n\n\n\n<p><strong>Prensa MPPEE-Corpoelec<\/strong><\/p>\n\n\n\n<p><\/p>\n","protected":false},"excerpt":{"rendered":"<p>Estado Lara.- Con el prop\u00f3sito de atender a los usuarios, la Corporaci\u00f3n El\u00e9ctrica Nacional (Corpoelec) realizar\u00e1 este s\u00e1bado 28 de<\/p>\n","protected":false},"author":22,"featured_media":91327,"comment_status":"closed","ping_status":"closed","sticky":false,"template":"","format":"standard","meta":{"footnotes":""},"categories":[1,30],"tags":[2691,2690,11,46],"class_list":["post-91659","post","type-post","status-publish","format-standard","has-post-thumbnail","hentry","category-mppee","category-regionales","tag-corpoelec","tag-lara","tag-mppee","tag-venezuela"],"_links":{"self":[{"href":"https:\/\/mppee.gob.ve\/index.php?rest_route=\/wp\/v2\/posts\/91659","targetHints":{"allow":["GET"]}}],"collection":[{"href":"https:\/\/mppee.gob.ve\/index.php?rest_route=\/wp\/v2\/posts"}],"about":[{"href":"https:\/\/mppee.gob.ve\/index.php?rest_route=\/wp\/v2\/types\/post"}],"author":[{"embeddable":true,"href":"https:\/\/mppee.gob.ve\/index.php?rest_route=\/wp\/v2\/users\/22"}],"replies":[{"embeddable":true,"href":"https:\/\/mppee.gob.ve\/index.php?rest_route=%2Fwp%2Fv2%2Fcomments&post=91659"}],"version-history":[{"count":2,"href":"https:\/\/mppee.gob.ve\/index.php?rest_route=\/wp\/v2\/posts\/91659\/revisions"}],"predecessor-version":[{"id":91666,"href":"https:\/\/mppee.gob.ve\/index.php?rest_route=\/wp\/v2\/posts\/91659\/revisions\/91666"}],"wp:featuredmedia":[{"embeddable":true,"href":"https:\/\/mppee.gob.ve\/index.php?rest_route=\/wp\/v2\/media\/91327"}],"wp:attachment":[{"href":"https:\/\/mppee.gob.ve\/index.php?rest_route=%2Fwp%2Fv2%2Fmedia&parent=91659"}],"wp:term":[{"taxonomy":"category","embeddable":true,"href":"https:\/\/mppee.gob.ve\/index.php?rest_route=%2Fwp%2Fv2%2Fcategories&post=91659"},{"taxonomy":"post_tag","embeddable":true,"href":"https:\/\/mppee.gob.ve\/index.php?rest_route=%2Fwp%2Fv2%2Ftags&post=91659"}],"curies":[{"name":"wp","href":"https:\/\/api.w.org\/{rel}","templated":true}]}}