{"id":91665,"date":"2024-09-27T16:40:11","date_gmt":"2024-09-27T16:40:11","guid":{"rendered":"http:\/\/mppee.gob.ve\/?p=91665"},"modified":"2024-09-27T16:40:12","modified_gmt":"2024-09-27T16:40:12","slug":"mirandinos-contaran-con-jornadas-de-atencion-integral-de-corpoelec","status":"publish","type":"post","link":"https:\/\/mppee.gob.ve\/?p=91665","title":{"rendered":"Mirandinos contar\u00e1n con jornadas de atenci\u00f3n integral de Corpoelec"},"content":{"rendered":"\n<p><strong>Estado Miranda.- <\/strong>Este s\u00e1bado 28 de septiembre, la Corporaci\u00f3n El\u00e9ctrica Nacional (Corpoelec)) pone la disposici\u00f3n de los habitantes mirandinos jornadas personalizadas, con la finalidad de brindar la asesor\u00eda y acompa\u00f1amiento en los tr\u00e1mites del servicio de electricidad.<\/p>\n\n\n\n<p>Durante las jornadas, que se llevar\u00e1n a cabo en tres municipios de la entidad, los usuarios podr\u00e1n realizar actualizaci\u00f3n de datos, notificaci\u00f3n de deuda, as\u00ed como tambi\u00e9n pago de facturas, en un horario comprendido entre las 9:00 de la ma\u00f1ana hasta las 2:00 de la tarde.<\/p>\n\n\n\n<p>A continuaci\u00f3n, conozca las direcciones donde estar\u00e1n ubicados los stands de los CIAU:<\/p>\n\n\n\n<p><strong>Municipio Plaza: <\/strong>Sede de Protecci\u00f3n Civil, sector La Vaquera, Guarenas.<\/p>\n\n\n\n<p><strong>Municipio Guaicaipuro:<\/strong><\/p>\n\n\n\n<ul class=\"wp-block-list\">\n<li>Centro Comercial Luz El\u00e9ctrica, calle Miquilen, piso 2.<\/li>\n<\/ul>\n\n\n\n<ul class=\"wp-block-list\">\n<li>Centro Comercial Libador, planta baja, casco central de Paracotos.<\/li>\n<\/ul>\n\n\n\n<ul class=\"wp-block-list\">\n<li>Conjunto Residencial El Encanto, 3ra. Etapa (Punto de referencia al lado del kiosco de ladrillos).<\/li>\n<\/ul>\n\n\n\n<p><strong>Municipio Los Sal\u00edas: <\/strong>Centro Comercial Galer\u00edas Las Am\u00e9ricas, piso 1, carretera Panamericana kil\u00f3metro 15.<\/p>\n\n\n\n<p>El \u00fanico m\u00e9todo de pago autorizado ser\u00e1 punto de venta.<\/p>\n\n\n\n<p>Para mayor informaci\u00f3n sobre las Jornadas Integrales de Atenci\u00f3n al Usuario, puede visitar la cuenta @corpoelecinfo en la red social Instagram.<\/p>\n\n\n\n<p><strong>Prensa MPPEE-Corpoelec<\/strong><\/p>\n","protected":false},"excerpt":{"rendered":"<p>Estado Miranda.- Este s\u00e1bado 28 de septiembre, la Corporaci\u00f3n El\u00e9ctrica Nacional (Corpoelec)) pone la disposici\u00f3n de los habitantes mirandinos jornadas<\/p>\n","protected":false},"author":22,"featured_media":91667,"comment_status":"closed","ping_status":"closed","sticky":false,"template":"","format":"standard","meta":{"footnotes":""},"categories":[1,30],"tags":[2691,2709,11,46],"class_list":["post-91665","post","type-post","status-publish","format-standard","has-post-thumbnail","hentry","category-mppee","category-regionales","tag-corpoelec","tag-miranda","tag-mppee","tag-venezuela"],"_links":{"self":[{"href":"https:\/\/mppee.gob.ve\/index.php?rest_route=\/wp\/v2\/posts\/91665","targetHints":{"allow":["GET"]}}],"collection":[{"href":"https:\/\/mppee.gob.ve\/index.php?rest_route=\/wp\/v2\/posts"}],"about":[{"href":"https:\/\/mppee.gob.ve\/index.php?rest_route=\/wp\/v2\/types\/post"}],"author":[{"embeddable":true,"href":"https:\/\/mppee.gob.ve\/index.php?rest_route=\/wp\/v2\/users\/22"}],"replies":[{"embeddable":true,"href":"https:\/\/mppee.gob.ve\/index.php?rest_route=%2Fwp%2Fv2%2Fcomments&post=91665"}],"version-history":[{"count":1,"href":"https:\/\/mppee.gob.ve\/index.php?rest_route=\/wp\/v2\/posts\/91665\/revisions"}],"predecessor-version":[{"id":91668,"href":"https:\/\/mppee.gob.ve\/index.php?rest_route=\/wp\/v2\/posts\/91665\/revisions\/91668"}],"wp:featuredmedia":[{"embeddable":true,"href":"https:\/\/mppee.gob.ve\/index.php?rest_route=\/wp\/v2\/media\/91667"}],"wp:attachment":[{"href":"https:\/\/mppee.gob.ve\/index.php?rest_route=%2Fwp%2Fv2%2Fmedia&parent=91665"}],"wp:term":[{"taxonomy":"category","embeddable":true,"href":"https:\/\/mppee.gob.ve\/index.php?rest_route=%2Fwp%2Fv2%2Fcategories&post=91665"},{"taxonomy":"post_tag","embeddable":true,"href":"https:\/\/mppee.gob.ve\/index.php?rest_route=%2Fwp%2Fv2%2Ftags&post=91665"}],"curies":[{"name":"wp","href":"https:\/\/api.w.org\/{rel}","templated":true}]}}