{"id":91747,"date":"2024-10-04T14:28:36","date_gmt":"2024-10-04T14:28:36","guid":{"rendered":"http:\/\/mppee.gob.ve\/?p=91747"},"modified":"2024-10-04T14:28:38","modified_gmt":"2024-10-04T14:28:38","slug":"usuarios-comerciales-del-estado-lara-seran-asesorados-en-jornadas-de-atencion-de-corpoelec","status":"publish","type":"post","link":"https:\/\/mppee.gob.ve\/?p=91747","title":{"rendered":"Usuarios comerciales del estado Lara ser\u00e1n asesorados en jornadas de atenci\u00f3n de Corpoelec"},"content":{"rendered":"\n<p><strong>Estado Lara.-<\/strong> Con el prop\u00f3sito de garantizar asistencia oportuna a los usuarios comerciales del servicio el\u00e9ctrico, la Corporaci\u00f3n El\u00e9ctrica Nacional (Corpoelec) se desplegar\u00e1 este s\u00e1bado 05 de octubre en una jornada integral de atenci\u00f3n a usuarios en el estado Lara.<\/p>\n\n\n\n<p>El evento obedece a la planificaci\u00f3n semanal que desarrolla el personal de la estatal el\u00e9ctrica y comprende la actualizaci\u00f3n de datos, notificaci\u00f3n de deudas, pago de facturas, as\u00ed como la promoci\u00f3n de la eficiencia energ\u00e9tica en hogares y sitios de trabajo.<\/p>\n\n\n\n<p>La actividad se llevar\u00e1 a cabo en la zona comercial ubicada a lo largo de la avenida principal que conecta las parroquias Cuj\u00ed-Tamaca y los Centros Integrarles de Atenci\u00f3n a Usuarios (CIAU) de Carora y avenida Vargas de Barquisimeto, en el horario de 08:00 am a 04:00 pm.<\/p>\n\n\n\n<p>Para mayor informaci\u00f3n sobre estas y otras jornadas que se realizan en el territorio nacional, los ciudadanos pueden visitar la cuenta @corpoelecinfo en la red social Instagram.<\/p>\n\n\n\n<p><strong>Prensa MPPEE-Corpoelec<\/strong><\/p>\n","protected":false},"excerpt":{"rendered":"<p>Estado Lara.- Con el prop\u00f3sito de garantizar asistencia oportuna a los usuarios comerciales del servicio el\u00e9ctrico, la Corporaci\u00f3n El\u00e9ctrica Nacional<\/p>\n","protected":false},"author":22,"featured_media":91174,"comment_status":"closed","ping_status":"closed","sticky":false,"template":"","format":"standard","meta":{"footnotes":""},"categories":[1,30],"tags":[2691,2690,11,46],"class_list":["post-91747","post","type-post","status-publish","format-standard","has-post-thumbnail","hentry","category-mppee","category-regionales","tag-corpoelec","tag-lara","tag-mppee","tag-venezuela"],"_links":{"self":[{"href":"https:\/\/mppee.gob.ve\/index.php?rest_route=\/wp\/v2\/posts\/91747","targetHints":{"allow":["GET"]}}],"collection":[{"href":"https:\/\/mppee.gob.ve\/index.php?rest_route=\/wp\/v2\/posts"}],"about":[{"href":"https:\/\/mppee.gob.ve\/index.php?rest_route=\/wp\/v2\/types\/post"}],"author":[{"embeddable":true,"href":"https:\/\/mppee.gob.ve\/index.php?rest_route=\/wp\/v2\/users\/22"}],"replies":[{"embeddable":true,"href":"https:\/\/mppee.gob.ve\/index.php?rest_route=%2Fwp%2Fv2%2Fcomments&post=91747"}],"version-history":[{"count":1,"href":"https:\/\/mppee.gob.ve\/index.php?rest_route=\/wp\/v2\/posts\/91747\/revisions"}],"predecessor-version":[{"id":91763,"href":"https:\/\/mppee.gob.ve\/index.php?rest_route=\/wp\/v2\/posts\/91747\/revisions\/91763"}],"wp:featuredmedia":[{"embeddable":true,"href":"https:\/\/mppee.gob.ve\/index.php?rest_route=\/wp\/v2\/media\/91174"}],"wp:attachment":[{"href":"https:\/\/mppee.gob.ve\/index.php?rest_route=%2Fwp%2Fv2%2Fmedia&parent=91747"}],"wp:term":[{"taxonomy":"category","embeddable":true,"href":"https:\/\/mppee.gob.ve\/index.php?rest_route=%2Fwp%2Fv2%2Fcategories&post=91747"},{"taxonomy":"post_tag","embeddable":true,"href":"https:\/\/mppee.gob.ve\/index.php?rest_route=%2Fwp%2Fv2%2Ftags&post=91747"}],"curies":[{"name":"wp","href":"https:\/\/api.w.org\/{rel}","templated":true}]}}