{"id":91817,"date":"2024-10-07T22:51:33","date_gmt":"2024-10-07T22:51:33","guid":{"rendered":"http:\/\/mppee.gob.ve\/?p=91817"},"modified":"2024-10-07T22:51:35","modified_gmt":"2024-10-07T22:51:35","slug":"corpoelec-reconstruyo-dos-torres-en-la-linea-115-kv-barinas-i-paez-terna-ii","status":"publish","type":"post","link":"https:\/\/mppee.gob.ve\/?p=91817","title":{"rendered":"Corpoelec reconstruy\u00f3 dos torres en la l\u00ednea 115 kV Barinas I &#8211; P\u00e1ez terna II"},"content":{"rendered":"\n<p><strong>Estado Barinas.- <\/strong>Para favorecer a m\u00e1s de 800 mil habitantes, la Corporaci\u00f3n El\u00e9ctrica Nacional (Corpoelec) reconstruy\u00f3 las torres n\u00fameros 21 y 22 de la l\u00ednea 115 kV Barinas I &#8211; P\u00e1ez terna II, ubicadas en el piedemonte andino, espec\u00edficamente en el municipio Bol\u00edvar de la entidad llanera.<\/p>\n\n\n\n<p>Las dos estructuras de 28 metros de altura, que aseguran la transmisi\u00f3n del fluido energ\u00e9tico generado en la geograf\u00eda barinesa, optimiza el servicio en los municipios Antonio Jos\u00e9 de Sucre, Alberto Arvelo Torrealba, Barinas, Bol\u00edvar, Cruz Paredes, Ezequiel Zamora, Obispos, Pedraza, Rojas y Sosa. <\/p>\n\n\n\n<p>En estas maniobras la clase trabajadora de Corpoelec tambi\u00e9n fabric\u00f3 y restituy\u00f3 perfiles, adecu\u00f3 m\u00e1s de mil 800 metros de conductores, reemplaz\u00f3 las cadenas de aisladores y herrajes de izajes. <\/p>\n\n\n\n<p>En tal sentido, el trabajador de la Gerencia de Transmisi\u00f3n, Joan Herrera, expres\u00f3 \u00abestas labores son el reflejo de nuestro compromiso por brindar un servicio confiable a la poblaci\u00f3n, seguimos desplegados asistiendo los requerimientos del SEN, esta instituci\u00f3n no se detiene y est\u00e1 activa los 365 d\u00edas del a\u00f1o\u00bb.<\/p>\n\n\n\n<p><strong>Prensa MPPEE-Corpoelec<\/strong><\/p>\n","protected":false},"excerpt":{"rendered":"<p>Estado Barinas.- Para favorecer a m\u00e1s de 800 mil habitantes, la Corporaci\u00f3n El\u00e9ctrica Nacional (Corpoelec) reconstruy\u00f3 las torres n\u00fameros 21<\/p>\n","protected":false},"author":22,"featured_media":91818,"comment_status":"closed","ping_status":"closed","sticky":false,"template":"","format":"standard","meta":{"footnotes":""},"categories":[1,30,7],"tags":[2691,11,46],"class_list":["post-91817","post","type-post","status-publish","format-standard","has-post-thumbnail","hentry","category-mppee","category-regionales","category-sen","tag-corpoelec","tag-mppee","tag-venezuela"],"_links":{"self":[{"href":"https:\/\/mppee.gob.ve\/index.php?rest_route=\/wp\/v2\/posts\/91817","targetHints":{"allow":["GET"]}}],"collection":[{"href":"https:\/\/mppee.gob.ve\/index.php?rest_route=\/wp\/v2\/posts"}],"about":[{"href":"https:\/\/mppee.gob.ve\/index.php?rest_route=\/wp\/v2\/types\/post"}],"author":[{"embeddable":true,"href":"https:\/\/mppee.gob.ve\/index.php?rest_route=\/wp\/v2\/users\/22"}],"replies":[{"embeddable":true,"href":"https:\/\/mppee.gob.ve\/index.php?rest_route=%2Fwp%2Fv2%2Fcomments&post=91817"}],"version-history":[{"count":1,"href":"https:\/\/mppee.gob.ve\/index.php?rest_route=\/wp\/v2\/posts\/91817\/revisions"}],"predecessor-version":[{"id":91819,"href":"https:\/\/mppee.gob.ve\/index.php?rest_route=\/wp\/v2\/posts\/91817\/revisions\/91819"}],"wp:featuredmedia":[{"embeddable":true,"href":"https:\/\/mppee.gob.ve\/index.php?rest_route=\/wp\/v2\/media\/91818"}],"wp:attachment":[{"href":"https:\/\/mppee.gob.ve\/index.php?rest_route=%2Fwp%2Fv2%2Fmedia&parent=91817"}],"wp:term":[{"taxonomy":"category","embeddable":true,"href":"https:\/\/mppee.gob.ve\/index.php?rest_route=%2Fwp%2Fv2%2Fcategories&post=91817"},{"taxonomy":"post_tag","embeddable":true,"href":"https:\/\/mppee.gob.ve\/index.php?rest_route=%2Fwp%2Fv2%2Ftags&post=91817"}],"curies":[{"name":"wp","href":"https:\/\/api.w.org\/{rel}","templated":true}]}}