{"id":91820,"date":"2024-10-08T16:06:50","date_gmt":"2024-10-08T16:06:50","guid":{"rendered":"http:\/\/mppee.gob.ve\/?p=91820"},"modified":"2024-10-08T16:06:52","modified_gmt":"2024-10-08T16:06:52","slug":"mas-de-400-voceros-de-servicios-publicos-debaten-propuestas-de-cara-al-congreso-del-bloque-historico","status":"publish","type":"post","link":"https:\/\/mppee.gob.ve\/?p=91820","title":{"rendered":"M\u00e1s de 400 voceros de servicios p\u00fablicos debaten propuestas de cara al Congreso del Bloque Hist\u00f3rico"},"content":{"rendered":"\n<p><strong>C\u00edrculo Militar, Caracas.-<\/strong> A prop\u00f3sito del Gran Congreso del Bloque Hist\u00f3rico Bolivariano, previsto para finales de octubre, m\u00e1s de 400 voceros y voceras debaten acciones que, desde el sector de servicios p\u00fablicos, contribuyan a la transformaci\u00f3n del Estado.<\/p>\n\n\n\n<p>El di\u00e1logo que se realiza en m\u00e1s de 40 mesas de trabajo, integradas por representantes de los entes que integran la Vicepresidencia de Obras P\u00fablicas y Servicios, no solo aborda los desaf\u00edos, sino tambi\u00e9n las oportunidades del sector para construir la Agenda Concreta de Acci\u00f3n (ACA), adecuada al nuevo esquema territorial que se proyecta para el futuro.<\/p>\n\n\n\n<p>\u201cDefinir los temas que tenemos nos permitir\u00e1 ordenarnos, ver nuestros sistemas de recursos y los problemas. Es una oportunidad de tener la visual, el momento hist\u00f3rico y pol\u00edtico para reordenar las cosas\u201d, apunt\u00f3 el vicepresidente de Planificaci\u00f3n, Ricardo Men\u00e9ndez.<\/p>\n\n\n\n<p>Los aportes derivados del di\u00e1logo sectorial que cuenta con el acompa\u00f1amiento de la Vicepresidencia de Planificaci\u00f3n, servir\u00e1n para construir los tres documentos que servir\u00e1n de base a la propuesta que se presentar\u00e1 en la plenaria del Gran Congreso del Bloque Hist\u00f3rico, que se celebrar\u00e1 entre el 31 de octubre y el 2 de noviembre.<\/p>\n\n\n\n<p>\u201cEstamos reunidos para profundizar en el trabajo de reflexi\u00f3n, ideas, sugerencias y propuestas para entregar un documento concreto, espec\u00edfico a nuestro presidente Nicol\u00e1s Maduro\u201d, puntualiz\u00f3 el vicepresidente de Obras P\u00fablicas y Servicios, Jorge M\u00e1rquez, al inicio de la jornada que se desarrolla en el C\u00edrculo Militar, ubicado en Caracas.<\/p>\n\n\n\n<p>Al respecto, el ministro de Planificaci\u00f3n, Ricardo Men\u00e9ndez, agreg\u00f3 que esta estrategia permitir\u00e1 dise\u00f1ar soluciones a situaciones espec\u00edficas, bajo un m\u00e9todo de trabajo integrado.<\/p>\n\n\n\n<p>Previamente, el jueves 3 de octubre, autoridades vinculadas con el sector de obras p\u00fablicas y servicios, acompa\u00f1ados de la Vicepresidencia de Planificaci\u00f3n, evaluaron l\u00edneas maestras sobre nuevos m\u00e9todos de gesti\u00f3n, apegados a las prioridades trazadas por el Poder Popular como ente ejecutor de proyectos en su espacio territorial.<\/p>\n\n\n\n<p>Hasta el momento, suman 51.000 asambleas en el territorio nacional centradas en tres temas: reflexiones sobre la lucha contra el fascismo, con \u00e9nfasis en lo ocurrido tras las elecciones presidenciales del 28 de julio; construcci\u00f3n de la Agenda Concreta de Acci\u00f3n (ACA) en consonancia con lo establecido en el Plan de la Patria 2025-2030 de las 7T: Las grandes transformaciones rumbo al futuro y planteamientos para la transformaci\u00f3n del Estado.<\/p>\n\n\n\n<p><strong>Prensa MPPEE &#8211; Corpoelec \/ Karelis Gonz\u00e1lez<\/strong><\/p>\n","protected":false},"excerpt":{"rendered":"<p>C\u00edrculo Militar, Caracas.- A prop\u00f3sito del Gran Congreso del Bloque Hist\u00f3rico Bolivariano, previsto para finales de octubre, m\u00e1s de 400<\/p>\n","protected":false},"author":24,"featured_media":91824,"comment_status":"closed","ping_status":"closed","sticky":false,"template":"","format":"standard","meta":{"footnotes":""},"categories":[1,15],"tags":[2746,11,2745,327],"class_list":["post-91820","post","type-post","status-publish","format-standard","has-post-thumbnail","hentry","category-mppee","category-nacionales","tag-bloque-historico","tag-mppee","tag-servicios","tag-vsops"],"_links":{"self":[{"href":"https:\/\/mppee.gob.ve\/index.php?rest_route=\/wp\/v2\/posts\/91820","targetHints":{"allow":["GET"]}}],"collection":[{"href":"https:\/\/mppee.gob.ve\/index.php?rest_route=\/wp\/v2\/posts"}],"about":[{"href":"https:\/\/mppee.gob.ve\/index.php?rest_route=\/wp\/v2\/types\/post"}],"author":[{"embeddable":true,"href":"https:\/\/mppee.gob.ve\/index.php?rest_route=\/wp\/v2\/users\/24"}],"replies":[{"embeddable":true,"href":"https:\/\/mppee.gob.ve\/index.php?rest_route=%2Fwp%2Fv2%2Fcomments&post=91820"}],"version-history":[{"count":1,"href":"https:\/\/mppee.gob.ve\/index.php?rest_route=\/wp\/v2\/posts\/91820\/revisions"}],"predecessor-version":[{"id":91821,"href":"https:\/\/mppee.gob.ve\/index.php?rest_route=\/wp\/v2\/posts\/91820\/revisions\/91821"}],"wp:featuredmedia":[{"embeddable":true,"href":"https:\/\/mppee.gob.ve\/index.php?rest_route=\/wp\/v2\/media\/91824"}],"wp:attachment":[{"href":"https:\/\/mppee.gob.ve\/index.php?rest_route=%2Fwp%2Fv2%2Fmedia&parent=91820"}],"wp:term":[{"taxonomy":"category","embeddable":true,"href":"https:\/\/mppee.gob.ve\/index.php?rest_route=%2Fwp%2Fv2%2Fcategories&post=91820"},{"taxonomy":"post_tag","embeddable":true,"href":"https:\/\/mppee.gob.ve\/index.php?rest_route=%2Fwp%2Fv2%2Ftags&post=91820"}],"curies":[{"name":"wp","href":"https:\/\/api.w.org\/{rel}","templated":true}]}}