{"id":91822,"date":"2024-10-08T16:13:35","date_gmt":"2024-10-08T16:13:35","guid":{"rendered":"http:\/\/mppee.gob.ve\/?p=91822"},"modified":"2024-10-08T16:13:37","modified_gmt":"2024-10-08T16:13:37","slug":"sector-de-servicios-publicos-define-agenda-de-accion-con-vision-de-futuro","status":"publish","type":"post","link":"https:\/\/mppee.gob.ve\/?p=91822","title":{"rendered":"Sector de servicios p\u00fablicos define agenda de acci\u00f3n con visi\u00f3n de futuro"},"content":{"rendered":"\n<p><strong>C\u00edrculo Militar, Caracas.- <\/strong>A trav\u00e9s de un di\u00e1logo propositivo, orientado a generar soluciones, voceros y voceras del sector de servicios p\u00fablicos trazan las l\u00edneas maestras de la Agenda Concreta de Acci\u00f3n (ACA) que, con visi\u00f3n de futuro, permitir\u00e1 atender las principales demandas de la poblaci\u00f3n.<\/p>\n\n\n\n<p>\u201cHoy estamos trabajando con la Agenda Concreta de Acci\u00f3n, estableciendo cu\u00e1les ser\u00e1n nuestros planes de trabajo a corto, mediano y largo plazo\u201d, puntualiz\u00f3 el vicepresidente de Obras P\u00fablicas y Servicios, Jorge M\u00e1rquez, desde el C\u00edrculo Militar, ubicada en Caracas, que alberga el debate de m\u00e1s de 400 representantes de Ministerios, entes adscritos y empresas p\u00fablicas, acompa\u00f1ados por autoridades del Ministerio del Poder Popular para la Planificaci\u00f3n.<\/p>\n\n\n\n<p>Al respecto, el vicepresidente de Planificaci\u00f3n, Ricardo Men\u00e9ndez, detall\u00f3 que el debate est\u00e1 sustentado en la sexta l\u00ednea del Plan de las 7 Transformaciones, cuyo epicentro es el ecosocialismo y, en ese sentido, el derecho a la ciudad, \u00e1rea en la que los servicios p\u00fablicos desempe\u00f1an un rol estrat\u00e9gico.<\/p>\n\n\n\n<p>Explic\u00f3 que, adem\u00e1s est\u00e1 concatenado con los planteamientos ya compiladas de cara al Gran Congreso del Bloque Hist\u00f3rico Bolivariano, que ya supera las 60 mil propuestas derivadas de las asambleas de base realizadas en el territorio nacional.<\/p>\n\n\n\n<p>\u201c(\u2026) Esto alimenta las pol\u00edticas p\u00fablicas que, por ejemplo, en las mesas de la Vicepresidencia de Obras P\u00fablicas y Servicios, permiten nutrir las distintas escalas para tener un nuevo sistema de pol\u00edticas p\u00fablicas\u201d, precis\u00f3 Men\u00e9ndez.<\/p>\n\n\n\n<p>Por otro lado, el tambi\u00e9n ministro del Poder Popular para la Energ\u00eda El\u00e9ctrica, Jorge M\u00e1rquez, subray\u00f3 que los aportes que se generen se emplear\u00e1n para \u201cpresentarle a nuestro presidente Nicol\u00e1s Maduro un documento que sirva para concretar y llevar a nuestro pa\u00eds a la senda del crecimiento y del desarrollo\u201d.<\/p>\n\n\n\n<p><strong>Prensa MPPEE &#8211; Corpoelec<\/strong><\/p>\n","protected":false},"excerpt":{"rendered":"<p>C\u00edrculo Militar, Caracas.- A trav\u00e9s de un di\u00e1logo propositivo, orientado a generar soluciones, voceros y voceras del sector de servicios<\/p>\n","protected":false},"author":24,"featured_media":91825,"comment_status":"closed","ping_status":"closed","sticky":false,"template":"","format":"standard","meta":{"footnotes":""},"categories":[1,15],"tags":[2747,2746,2745,327],"class_list":["post-91822","post","type-post","status-publish","format-standard","has-post-thumbnail","hentry","category-mppee","category-nacionales","tag-aca","tag-bloque-historico","tag-servicios","tag-vsops"],"_links":{"self":[{"href":"https:\/\/mppee.gob.ve\/index.php?rest_route=\/wp\/v2\/posts\/91822","targetHints":{"allow":["GET"]}}],"collection":[{"href":"https:\/\/mppee.gob.ve\/index.php?rest_route=\/wp\/v2\/posts"}],"about":[{"href":"https:\/\/mppee.gob.ve\/index.php?rest_route=\/wp\/v2\/types\/post"}],"author":[{"embeddable":true,"href":"https:\/\/mppee.gob.ve\/index.php?rest_route=\/wp\/v2\/users\/24"}],"replies":[{"embeddable":true,"href":"https:\/\/mppee.gob.ve\/index.php?rest_route=%2Fwp%2Fv2%2Fcomments&post=91822"}],"version-history":[{"count":1,"href":"https:\/\/mppee.gob.ve\/index.php?rest_route=\/wp\/v2\/posts\/91822\/revisions"}],"predecessor-version":[{"id":91823,"href":"https:\/\/mppee.gob.ve\/index.php?rest_route=\/wp\/v2\/posts\/91822\/revisions\/91823"}],"wp:featuredmedia":[{"embeddable":true,"href":"https:\/\/mppee.gob.ve\/index.php?rest_route=\/wp\/v2\/media\/91825"}],"wp:attachment":[{"href":"https:\/\/mppee.gob.ve\/index.php?rest_route=%2Fwp%2Fv2%2Fmedia&parent=91822"}],"wp:term":[{"taxonomy":"category","embeddable":true,"href":"https:\/\/mppee.gob.ve\/index.php?rest_route=%2Fwp%2Fv2%2Fcategories&post=91822"},{"taxonomy":"post_tag","embeddable":true,"href":"https:\/\/mppee.gob.ve\/index.php?rest_route=%2Fwp%2Fv2%2Ftags&post=91822"}],"curies":[{"name":"wp","href":"https:\/\/api.w.org\/{rel}","templated":true}]}}