{"id":91831,"date":"2024-10-08T23:01:16","date_gmt":"2024-10-08T23:01:16","guid":{"rendered":"http:\/\/mppee.gob.ve\/?p=91831"},"modified":"2024-10-09T18:15:26","modified_gmt":"2024-10-09T18:15:26","slug":"articulacion-y-dinamismo-pilares-que-definen-el-accionar-de-la-vicepresidencia-de-obras-publicas-y-servicios","status":"publish","type":"post","link":"https:\/\/mppee.gob.ve\/?p=91831","title":{"rendered":"Articulaci\u00f3n y dinamismo, pilares que definen el accionar de la Vicepresidencia de Obras P\u00fablicas y Servicios"},"content":{"rendered":"\n<p><strong>C\u00edrculo Militar, Caracas.- <\/strong>Alcanzar la plena articulaci\u00f3n, bajo niveles de eficiencia, eficacia y calidad, en una estrategia din\u00e1mica que potencie las capacidades de cada sector es el objetivo sobre el que avanza la Vicepresidencia Sectorial de Obras P\u00fablicas y Servicios, que este martes celebr\u00f3 una jornada de debate amplio en v\u00edsperas del Gran Congreso Nacional del Bloque Hist\u00f3rico Bolivariano.<\/p>\n\n\n\n<p>En palabras del vicepresidente de Obras P\u00fablicas y Servicios, Jorge M\u00e1rquez, si bien existen dificultades causadas por las ilegales sanciones y las maniobras criminales contra \u00e1reas esenciales (electricidad, agua o telecomunicaciones), tambi\u00e9n se cuenta con \u201cun equipo de trabajo din\u00e1mico, joven, alegre, eficiente y con capacidades extraordinarias\u201d que suman lo mejor de s\u00ed para garantizar servicios \u00f3ptimos para el pueblo venezolano.<\/p>\n\n\n\n<p>\u201cCreo que no le vamos a fallar a nuestro pa\u00eds, ni a nuestro presidente Nicol\u00e1s Maduro \u00bfSaben por qu\u00e9? Esta prohibido fallar, est\u00e1 prohibido fallarle a este pa\u00eds, un pa\u00eds de triunfadores y de gente valiente que ha soportado las inclemencias de esta batalla\u201d, puntualiz\u00f3 durante la clausura de la asamblea del sector de obras p\u00fablicas, que congreg\u00f3 a m\u00e1s de 400 voceros y voceras del territorio nacional.<\/p>\n\n\n\n<p>Por otro lado, el tambi\u00e9n ministro del Poder Popular para la Energ\u00eda El\u00e9ctrica subray\u00f3 el car\u00e1cter democr\u00e1tico y participativo del proceso, consider\u00e1ndolo una referencia en el mundo al nutrirse de las ideas de la clase obrera para configurar la pol\u00edtica de gobierno a corto, mediano y largo plazo.<\/p>\n\n\n\n<p>\u201cNo hay otro pa\u00eds donde sus trabajadores, su clase obreras; sus ingenieros; sus t\u00e9cnicos se sienten y hagan un plan de trabajo, un plan de gobierno (\u2026) El nivel de conciencia que ha logrado la Revoluci\u00f3n es admirable, digno de reconocimiento y por eso me siento orgulloso de que nos acompa\u00f1en en esta tarea\u201d, recalc\u00f3.<\/p>\n\n\n\n<p>Los aportes derivados del di\u00e1logo sectorial que cuenta con el acompa\u00f1amiento de la Vicepresidencia de Planificaci\u00f3n, servir\u00e1n para construir los tres documentos que servir\u00e1n de base a la propuesta que se presentar\u00e1 en la plenaria del Gran Congreso del Bloque Hist\u00f3rico, que se celebrar\u00e1 entre el 31 de octubre y el 2 de noviembre.<br><\/p>\n\n\n\n<p><strong>Prensa MPPEE &#8211; Corpoelec<\/strong><\/p>\n","protected":false},"excerpt":{"rendered":"<p>C\u00edrculo Militar, Caracas.- Alcanzar la plena articulaci\u00f3n, bajo niveles de eficiencia, eficacia y calidad, en una estrategia din\u00e1mica que potencie<\/p>\n","protected":false},"author":24,"featured_media":91832,"comment_status":"closed","ping_status":"closed","sticky":false,"template":"","format":"standard","meta":{"footnotes":""},"categories":[1,15],"tags":[2746,2748,2745,327],"class_list":["post-91831","post","type-post","status-publish","format-standard","has-post-thumbnail","hentry","category-mppee","category-nacionales","tag-bloque-historico","tag-obras","tag-servicios","tag-vsops"],"_links":{"self":[{"href":"https:\/\/mppee.gob.ve\/index.php?rest_route=\/wp\/v2\/posts\/91831","targetHints":{"allow":["GET"]}}],"collection":[{"href":"https:\/\/mppee.gob.ve\/index.php?rest_route=\/wp\/v2\/posts"}],"about":[{"href":"https:\/\/mppee.gob.ve\/index.php?rest_route=\/wp\/v2\/types\/post"}],"author":[{"embeddable":true,"href":"https:\/\/mppee.gob.ve\/index.php?rest_route=\/wp\/v2\/users\/24"}],"replies":[{"embeddable":true,"href":"https:\/\/mppee.gob.ve\/index.php?rest_route=%2Fwp%2Fv2%2Fcomments&post=91831"}],"version-history":[{"count":2,"href":"https:\/\/mppee.gob.ve\/index.php?rest_route=\/wp\/v2\/posts\/91831\/revisions"}],"predecessor-version":[{"id":91851,"href":"https:\/\/mppee.gob.ve\/index.php?rest_route=\/wp\/v2\/posts\/91831\/revisions\/91851"}],"wp:featuredmedia":[{"embeddable":true,"href":"https:\/\/mppee.gob.ve\/index.php?rest_route=\/wp\/v2\/media\/91832"}],"wp:attachment":[{"href":"https:\/\/mppee.gob.ve\/index.php?rest_route=%2Fwp%2Fv2%2Fmedia&parent=91831"}],"wp:term":[{"taxonomy":"category","embeddable":true,"href":"https:\/\/mppee.gob.ve\/index.php?rest_route=%2Fwp%2Fv2%2Fcategories&post=91831"},{"taxonomy":"post_tag","embeddable":true,"href":"https:\/\/mppee.gob.ve\/index.php?rest_route=%2Fwp%2Fv2%2Ftags&post=91831"}],"curies":[{"name":"wp","href":"https:\/\/api.w.org\/{rel}","templated":true}]}}