{"id":91874,"date":"2024-10-11T16:04:43","date_gmt":"2024-10-11T16:04:43","guid":{"rendered":"http:\/\/mppee.gob.ve\/?p=91874"},"modified":"2024-10-11T16:04:44","modified_gmt":"2024-10-11T16:04:44","slug":"en-sucre-se-despliega-jornada-de-atencion-para-usuarios-comerciales","status":"publish","type":"post","link":"https:\/\/mppee.gob.ve\/?p=91874","title":{"rendered":"En Sucre se despliega jornada de atenci\u00f3n para usuarios comerciales"},"content":{"rendered":"\n<p><strong>Estado Sucre.- <\/strong>Desde este viernes 11 hasta el s\u00e1bado 12 de octubre, la Corporaci\u00f3n El\u00e9ctrica Nacional (Corpoelec) desarrollar\u00e1 una jornada especial de cobranza dirigida a usuarios comerciales en el estado Sucre, que brindar\u00e1 atenci\u00f3n personalizada a sus requerimientos.<\/p>\n\n\n\n<p>Los comerciantes de Cuman\u00e1, Santa Fe, Car\u00fapano,\u00a0Cariaco, Marig\u00fcitar, Cumanacoa, Casanay, G\u00fciria y Araya podr\u00e1n acercarse a los puntos de atenci\u00f3n establecidos para realizar el pago de sus facturas, actualizar sus datos y atender dudas relacionadas con su servicio el\u00e9ctrico.<\/p>\n\n\n\n<ul class=\"wp-block-list\">\n<li>Comercios de la ciudad de Cuman\u00e1, municipio Sucre.<\/li>\n<\/ul>\n\n\n\n<ul class=\"wp-block-list\">\n<li>Comercios de la ciudad de Car\u00fapano, municipio Berm\u00fadez.<\/li>\n<\/ul>\n\n\n\n<p><\/p>\n\n\n\n<ul class=\"wp-block-list\">\n<li>Comercios del poblado de Cariaco, municipio Ribero.<\/li>\n<\/ul>\n\n\n\n<ul class=\"wp-block-list\">\n<li>Comercios del poblado de Santa Fe, municipio Sucre.<\/li>\n<\/ul>\n\n\n\n<ul class=\"wp-block-list\">\n<li>Comercios del poblado de Marig\u00fcitar, municipio Bol\u00edvar.<\/li>\n<\/ul>\n\n\n\n<ul class=\"wp-block-list\">\n<li>Comercios de Cumanacoa, municipio Montes.<\/li>\n<\/ul>\n\n\n\n<ul class=\"wp-block-list\">\n<li>Comercios del poblado de Casanay, municipio Andr\u00e9s Eloy Blanco.<\/li>\n<\/ul>\n\n\n\n<p><\/p>\n\n\n\n<ul class=\"wp-block-list\">\n<li>Comercios del poblado de G\u00fciria, municipio Valdez.<\/li>\n<\/ul>\n\n\n\n<ul class=\"wp-block-list\">\n<li>Comercios del poblado de Araya, municipio Cruz Salmer\u00f3n Acosta.<\/li>\n<\/ul>\n\n\n\n<p>Para mayor informaci\u00f3n sobre las Jornadas Integrales de Atenci\u00f3n al Usuario puede visitar la cuenta @corpoelecinfo en la red social Instagram, as\u00ed como la p\u00e1gina Corpoelec Informa en Facebook.<\/p>\n\n\n\n<p><strong>Prensa MPPEE &#8211; Corpoelec<\/strong><\/p>\n","protected":false},"excerpt":{"rendered":"<p>Estado Sucre.- Desde este viernes 11 hasta el s\u00e1bado 12 de octubre, la Corporaci\u00f3n El\u00e9ctrica Nacional (Corpoelec) desarrollar\u00e1 una jornada<\/p>\n","protected":false},"author":24,"featured_media":91327,"comment_status":"closed","ping_status":"closed","sticky":false,"template":"","format":"standard","meta":{"footnotes":""},"categories":[1,30],"tags":[2758,2691,2693],"class_list":["post-91874","post","type-post","status-publish","format-standard","has-post-thumbnail","hentry","category-mppee","category-regionales","tag-atencion","tag-corpoelec","tag-sucre"],"_links":{"self":[{"href":"https:\/\/mppee.gob.ve\/index.php?rest_route=\/wp\/v2\/posts\/91874","targetHints":{"allow":["GET"]}}],"collection":[{"href":"https:\/\/mppee.gob.ve\/index.php?rest_route=\/wp\/v2\/posts"}],"about":[{"href":"https:\/\/mppee.gob.ve\/index.php?rest_route=\/wp\/v2\/types\/post"}],"author":[{"embeddable":true,"href":"https:\/\/mppee.gob.ve\/index.php?rest_route=\/wp\/v2\/users\/24"}],"replies":[{"embeddable":true,"href":"https:\/\/mppee.gob.ve\/index.php?rest_route=%2Fwp%2Fv2%2Fcomments&post=91874"}],"version-history":[{"count":1,"href":"https:\/\/mppee.gob.ve\/index.php?rest_route=\/wp\/v2\/posts\/91874\/revisions"}],"predecessor-version":[{"id":91875,"href":"https:\/\/mppee.gob.ve\/index.php?rest_route=\/wp\/v2\/posts\/91874\/revisions\/91875"}],"wp:featuredmedia":[{"embeddable":true,"href":"https:\/\/mppee.gob.ve\/index.php?rest_route=\/wp\/v2\/media\/91327"}],"wp:attachment":[{"href":"https:\/\/mppee.gob.ve\/index.php?rest_route=%2Fwp%2Fv2%2Fmedia&parent=91874"}],"wp:term":[{"taxonomy":"category","embeddable":true,"href":"https:\/\/mppee.gob.ve\/index.php?rest_route=%2Fwp%2Fv2%2Fcategories&post=91874"},{"taxonomy":"post_tag","embeddable":true,"href":"https:\/\/mppee.gob.ve\/index.php?rest_route=%2Fwp%2Fv2%2Ftags&post=91874"}],"curies":[{"name":"wp","href":"https:\/\/api.w.org\/{rel}","templated":true}]}}