{"id":91989,"date":"2024-10-17T17:45:52","date_gmt":"2024-10-17T17:45:52","guid":{"rendered":"http:\/\/mppee.gob.ve\/?p=91989"},"modified":"2024-10-17T17:53:25","modified_gmt":"2024-10-17T17:53:25","slug":"trabajadores-del-sen-destacan-por-su-conciencia-y-liderazgo-frente-a-la-agresion-imperial","status":"publish","type":"post","link":"https:\/\/mppee.gob.ve\/?p=91989","title":{"rendered":"Trabajadores del SEN destacan por su conciencia y liderazgo frente a la agresi\u00f3n imperial"},"content":{"rendered":"\n<p><strong>Chacao, estado Miranda.- <\/strong>El ministro del Poder Popular para el Proceso Social del Trabajo, Eduardo Pi\u00f1ate, resalt\u00f3 la conciencia, unidad, liderazgo y compromiso de los trabajadores del sector el\u00e9ctrico frente a la agresi\u00f3n imperial de la cual ha sido objeto los \u00faltimos a\u00f1os.<\/p>\n\n\n\n<p>\u201cHay una fuerza obrera en el sector que se ha defendido, y en Corpoelec ha habido una importante lucha desde el ataque de 2019 y hoy d\u00eda los trabajadores juegan un papel importante en la empresa el\u00e9ctrica\u201d, afirm\u00f3 Pi\u00f1ate durante un Encuentro con los Consejos Productivos de Trabajadores y Trabajadoras (CPTT) efectuado este jueves en el Centro de Servicio de la Corporaci\u00f3n El\u00e9ctrica Nacional (Corpoelec), ubicado en Chacao.<\/p>\n\n\n\n<p>Inst\u00f3 a los trabajadores que conforman a los CPTT para impulsar el proceso productivo en el sector el\u00e9ctrico, \u201ca fin de potenciar las capacidades t\u00e9cnicas de la clase trabajadora en fortalecer la formaci\u00f3n pol\u00edtico &#8211; social que apunte a brindar la felicidad del pueblo venezolano\u201d.<\/p>\n\n\n\n<p>Por su parte, Wills Rangel, presidente de la Central Bolivariana Socialista de Trabajadores y Trabajadoras, resalt\u00f3 la importancia del debate entre la clase obrera para resistir el ataque del imperialismo, asimismo enfatiz\u00f3 que la unidad y la conciencia de los trabajadores, permitir\u00e1 lograr el bienestar social y pol\u00edtico del pueblo venezolano.<\/p>\n\n\n\n<p>Puntualiz\u00f3 la necesidad de la formaci\u00f3n de la clase obrera \u201cpara tener conciencia y plantear propuestas que apunten a contrarrestar los falsos testimonios de los sindicaleros de la cuarta que hist\u00f3ricamente han hecho da\u00f1o al pa\u00eds\u201d.<\/p>\n\n\n\n<p>En tanto, N\u00e9stor Ovalles, gerente general de formaci\u00f3n de Corpoelec, destac\u00f3 la lucha y esfuerzo de los trabajadores del sector para vencer las adversidades ante los ataques de los \u00faltimos meses.<\/p>\n\n\n\n<p>\u201cVaya que hemos aprendido desde el 2019, aquello cost\u00f3 un mes, o un poco m\u00e1s, pero el 30 de agosto cost\u00f3 un d\u00eda o menos de un d\u00eda. Eso es el proceso de aprendizaje de una clase obrera (\u2026) que demuestra su formaci\u00f3n y liderazgo ante los problemas y no renuncia ante cualquier ataque\u201d, apunt\u00f3 Ovalles.<\/p>\n\n\n\n<p><strong>Prensa MPPEE &#8211; Corpolec \/ Joelin Jim\u00e9nez<\/strong><\/p>\n","protected":false},"excerpt":{"rendered":"<p>Chacao, estado Miranda.- El ministro del Poder Popular para el Proceso Social del Trabajo, Eduardo Pi\u00f1ate, resalt\u00f3 la conciencia, unidad,<\/p>\n","protected":false},"author":24,"featured_media":91993,"comment_status":"closed","ping_status":"closed","sticky":false,"template":"","format":"standard","meta":{"footnotes":""},"categories":[15,7],"tags":[2691,11,2744,46],"class_list":["post-91989","post","type-post","status-publish","format-standard","has-post-thumbnail","hentry","category-nacionales","category-sen","tag-corpoelec","tag-mppee","tag-sen","tag-venezuela"],"_links":{"self":[{"href":"https:\/\/mppee.gob.ve\/index.php?rest_route=\/wp\/v2\/posts\/91989","targetHints":{"allow":["GET"]}}],"collection":[{"href":"https:\/\/mppee.gob.ve\/index.php?rest_route=\/wp\/v2\/posts"}],"about":[{"href":"https:\/\/mppee.gob.ve\/index.php?rest_route=\/wp\/v2\/types\/post"}],"author":[{"embeddable":true,"href":"https:\/\/mppee.gob.ve\/index.php?rest_route=\/wp\/v2\/users\/24"}],"replies":[{"embeddable":true,"href":"https:\/\/mppee.gob.ve\/index.php?rest_route=%2Fwp%2Fv2%2Fcomments&post=91989"}],"version-history":[{"count":2,"href":"https:\/\/mppee.gob.ve\/index.php?rest_route=\/wp\/v2\/posts\/91989\/revisions"}],"predecessor-version":[{"id":91994,"href":"https:\/\/mppee.gob.ve\/index.php?rest_route=\/wp\/v2\/posts\/91989\/revisions\/91994"}],"wp:featuredmedia":[{"embeddable":true,"href":"https:\/\/mppee.gob.ve\/index.php?rest_route=\/wp\/v2\/media\/91993"}],"wp:attachment":[{"href":"https:\/\/mppee.gob.ve\/index.php?rest_route=%2Fwp%2Fv2%2Fmedia&parent=91989"}],"wp:term":[{"taxonomy":"category","embeddable":true,"href":"https:\/\/mppee.gob.ve\/index.php?rest_route=%2Fwp%2Fv2%2Fcategories&post=91989"},{"taxonomy":"post_tag","embeddable":true,"href":"https:\/\/mppee.gob.ve\/index.php?rest_route=%2Fwp%2Fv2%2Ftags&post=91989"}],"curies":[{"name":"wp","href":"https:\/\/api.w.org\/{rel}","templated":true}]}}