{"id":92068,"date":"2024-10-23T14:31:09","date_gmt":"2024-10-23T14:31:09","guid":{"rendered":"http:\/\/mppee.gob.ve\/?p=92068"},"modified":"2024-10-23T14:31:12","modified_gmt":"2024-10-23T14:31:12","slug":"corpoelec-continua-despliegue-de-atencion-para-usuarios-comerciales-en-sucre","status":"publish","type":"post","link":"https:\/\/mppee.gob.ve\/?p=92068","title":{"rendered":"Corpoelec contin\u00faa despliegue de atenci\u00f3n para usuarios comerciales en Sucre"},"content":{"rendered":"\n<p><strong>Estado Sucre.- A<\/strong> partir del d\u00eda jueves 24 hasta el s\u00e1bado 26 de octubre, la Corporaci\u00f3n El\u00e9ctrica Nacional (Corpoelec) realizar\u00e1 Jornadas de Atenci\u00f3n a Usuarios Comerciales en las localidades de Cuman\u00e1, Car\u00fapano, Cariaco, Santa Fe, Marig\u00fcitar, Cumanacoa, Casanay, G\u00fciria y Araya, estado Sucre.<\/p>\n\n\n\n<p>Los interesados contar\u00e1n con la disposici\u00f3n \u00a0de puntos de atenci\u00f3n para pago de facturas del servicio el\u00e9ctrico. Adem\u00e1s dpodr\u00e1n realizar actualizaciones de datos y obtener asesor\u00eda personalizada. <\/p>\n\n\n\n<p>Los horarios de atenci\u00f3n ser\u00e1n de 04:00 p.m. a 08:00 p.m. los d\u00edas jueves 24 y viernes 25, y desde las 08:30 a.m. hasta las 03:00 p.m. del d\u00eda s\u00e1bado 26 de octubre <\/p>\n\n\n\n<p><strong>\u00bfEn d\u00f3nde?<\/strong><\/p>\n\n\n\n<p>Las Jornadas Integrales de Atenci\u00f3n al Usuario se ubicar\u00e1n en:<\/p>\n\n\n\n<ul class=\"wp-block-list\">\n<li>Comercios de la ciudad de Cuman\u00e1, municipio Sucre. <\/li>\n\n\n\n<li>Comercios de la ciudad de Car\u00fapano, municipio Berm\u00fadez. <\/li>\n\n\n\n<li>Comercios del poblado de Cariaco, municipio Ribero. <\/li>\n\n\n\n<li>Comercios del poblado de Santa Fe, municipio Sucre <\/li>\n\n\n\n<li>Comercios del poblado de Marig\u00fcitar, municipio Bol\u00edvar. <\/li>\n\n\n\n<li>Comercios del poblado de Cumanacoa, municipio Montes. <\/li>\n\n\n\n<li>Comercios del poblado de Casanay, municipio Andr\u00e9s Eloy Blanco. <\/li>\n\n\n\n<li>Comercios del poblado de G\u00fciria, municipio Valdez. <\/li>\n\n\n\n<li>Comercios del poblado de Araya, municipio Cruz Salmer\u00f3n Acosta.<\/li>\n<\/ul>\n\n\n\n<p>Para obtener m\u00e1s informaci\u00f3n acerca de las jornadas integrales de atenci\u00f3n al usuario, dir\u00edjase a la cuenta <a href=\"https:\/\/t.me\/corpoelecinfo\">@corpoelecinfo<\/a> en Instagram. <\/p>\n\n\n\n<p><strong>Prensa MPPEE-Corpoelec<\/strong><\/p>\n\n\n\n<p><\/p>\n","protected":false},"excerpt":{"rendered":"<p>Estado Sucre.- A partir del d\u00eda jueves 24 hasta el s\u00e1bado 26 de octubre, la Corporaci\u00f3n El\u00e9ctrica Nacional (Corpoelec) realizar\u00e1<\/p>\n","protected":false},"author":22,"featured_media":91166,"comment_status":"closed","ping_status":"closed","sticky":false,"template":"","format":"standard","meta":{"footnotes":""},"categories":[30],"tags":[2691,11,2693,46],"class_list":["post-92068","post","type-post","status-publish","format-standard","has-post-thumbnail","hentry","category-regionales","tag-corpoelec","tag-mppee","tag-sucre","tag-venezuela"],"_links":{"self":[{"href":"https:\/\/mppee.gob.ve\/index.php?rest_route=\/wp\/v2\/posts\/92068","targetHints":{"allow":["GET"]}}],"collection":[{"href":"https:\/\/mppee.gob.ve\/index.php?rest_route=\/wp\/v2\/posts"}],"about":[{"href":"https:\/\/mppee.gob.ve\/index.php?rest_route=\/wp\/v2\/types\/post"}],"author":[{"embeddable":true,"href":"https:\/\/mppee.gob.ve\/index.php?rest_route=\/wp\/v2\/users\/22"}],"replies":[{"embeddable":true,"href":"https:\/\/mppee.gob.ve\/index.php?rest_route=%2Fwp%2Fv2%2Fcomments&post=92068"}],"version-history":[{"count":1,"href":"https:\/\/mppee.gob.ve\/index.php?rest_route=\/wp\/v2\/posts\/92068\/revisions"}],"predecessor-version":[{"id":92079,"href":"https:\/\/mppee.gob.ve\/index.php?rest_route=\/wp\/v2\/posts\/92068\/revisions\/92079"}],"wp:featuredmedia":[{"embeddable":true,"href":"https:\/\/mppee.gob.ve\/index.php?rest_route=\/wp\/v2\/media\/91166"}],"wp:attachment":[{"href":"https:\/\/mppee.gob.ve\/index.php?rest_route=%2Fwp%2Fv2%2Fmedia&parent=92068"}],"wp:term":[{"taxonomy":"category","embeddable":true,"href":"https:\/\/mppee.gob.ve\/index.php?rest_route=%2Fwp%2Fv2%2Fcategories&post=92068"},{"taxonomy":"post_tag","embeddable":true,"href":"https:\/\/mppee.gob.ve\/index.php?rest_route=%2Fwp%2Fv2%2Ftags&post=92068"}],"curies":[{"name":"wp","href":"https:\/\/api.w.org\/{rel}","templated":true}]}}