{"id":92084,"date":"2024-10-23T15:23:33","date_gmt":"2024-10-23T15:23:33","guid":{"rendered":"http:\/\/mppee.gob.ve\/?p=92084"},"modified":"2024-10-23T15:23:35","modified_gmt":"2024-10-23T15:23:35","slug":"jornadas-para-atender-a-usuarios-tachirenses-despliega-corpoelec","status":"publish","type":"post","link":"https:\/\/mppee.gob.ve\/?p=92084","title":{"rendered":"Jornadas para atender a usuarios tachirenses despliega Corpoelec"},"content":{"rendered":"\n<p><strong>Estado T\u00e1chira.- <\/strong>La Corporaci\u00f3n El\u00e9ctrica Nacional (Corpoelec) se desplegar\u00e1 desde este jueves 24 hasta el s\u00e1bado 26 de octubre en municipios del estado T\u00e1chira, para atender a los usuarios y usuarias.<\/p>\n\n\n\n<p>A trav\u00e9s de los Centros Integrales de Atenci\u00f3n al Usuario (CIAU) se pone a disposici\u00f3n de los habitantes de la entidad andina jornadas personalizadas, con la finalidad de brindar la asesor\u00eda y acompa\u00f1amiento en los tr\u00e1mites del servicio de electricidad.<\/p>\n\n\n\n<p>Durante las jornadas, los usuarios podr\u00e1n realizar actualizaci\u00f3n de datos, notificaci\u00f3n de deuda, as\u00ed como tambi\u00e9n pago de facturas.<\/p>\n\n\n\n<p>A continuaci\u00f3n, conozca las direcciones donde estar\u00e1n ubicados los stands de los CIAU en un horario comprendido entre las 8:00 de la ma\u00f1ana hasta las 4:00 de la tarde.<\/p>\n\n\n\n<p>El jueves 24 de octubre, los stands estar\u00e1n ubicados en los municipios:<\/p>\n\n\n\n<ul class=\"wp-block-list\">\n<li>C\u00f3rdoba: Casco Central de Santa Ana.<\/li>\n\n\n\n<li>Pedro Mar\u00eda Ure\u00f1a: Sector Cuj\u00ed Morada de Ure\u00f1a.<\/li>\n\n\n\n<li>Fern\u00e1ndez Feo: Sector Guadalupe y Morichito de El Pi\u00f1al.<\/li>\n\n\n\n<li>J\u00e1uregui: Calles del Cobre.<\/li>\n\n\n\n<li>Ayacucho: Carreras 10 y 11 de Col\u00f3n.<\/li>\n\n\n\n<li>San Crist\u00f3bal: Barrio Obrero carrera 15, Urbanizaci\u00f3n T\u00e1chira, sector Bloques Los Teques de San Crist\u00f3bal.<\/li>\n\n\n\n<li>Panamericano: Casco Central de Coloncito.<\/li>\n\n\n\n<li>Rafael Urdaneta: Aldea de las Lajas de Delicias.<\/li>\n\n\n\n<li>Jun\u00edn: La Palmita de Rubio.<\/li>\n<\/ul>\n\n\n\n<p>El viernes 25 se atender\u00e1n a los usuarios de los municipios:<\/p>\n\n\n\n<ul class=\"wp-block-list\">\n<li>C\u00f3rdoba: Casco Central de Santa Ana.<\/li>\n\n\n\n<li>Bol\u00edvar: Casco central de San Antonio.<\/li>\n\n\n\n<li>San Crist\u00f3bal: Urbanizaci\u00f3n Santa In\u00e9s de San Crist\u00f3bal.<\/li>\n\n\n\n<li>Rafael Urdaneta: Puente Alianza de Delicias.<\/li>\n\n\n\n<li>Pedro Mar\u00eda Ure\u00f1a: Sector Cuj\u00ed Morada de Ure\u00f1a.<\/li>\n\n\n\n<li>Fern\u00e1ndez Feo: Sector Guadalupe y Morichito de El Pi\u00f1al.<\/li>\n\n\n\n<li>J\u00e1uregui: Calles del Cobre.<\/li>\n\n\n\n<li>Ayacucho: Carreras 10 y 11 de Col\u00f3n.<\/li>\n\n\n\n<li>Panamericano: Casco Central de Coloncito.<\/li>\n\n\n\n<li>Jun\u00edn: La Palmita de Rubio.<\/li>\n\n\n\n<li>Andr\u00e9s Bello: Sector San Rafael.<\/li>\n<\/ul>\n\n\n\n<p>El s\u00e1bado 26 de octubre, los usuarios contar\u00e1n con puntos de atenci\u00f3n en los municipios:<\/p>\n\n\n\n<ul class=\"wp-block-list\">\n<li>Garc\u00eda de Hevia: Sector El Repaso, calle 2 de la Fr\u00eda.<\/li>\n\n\n\n<li>C\u00f3rdoba: Casco Central de Santa Ana.<\/li>\n\n\n\n<li>Bol\u00edvar: Casco Central de San Antonio.<\/li>\n\n\n\n<li>Uribante: Centro de Pregonero.<\/li>\n\n\n\n<li>Pedro Mar\u00eda Ure\u00f1a: Sector Cuj\u00ed Morada de Ure\u00f1a.<\/li>\n\n\n\n<li>Fern\u00e1ndez Feo: Carreras 5 y 6 de El Pi\u00f1al.<\/li>\n\n\n\n<li>J\u00e1uregui: Calles del Cobre.<\/li>\n\n\n\n<li>Libertador: La Pedrera.<\/li>\n\n\n\n<li>Ayacucho: Carreras 12 y 13 de Col\u00f3n.<\/li>\n\n\n\n<li>San Crist\u00f3bal: Urbanizaci\u00f3n Santa In\u00e9s, avenida Santa Lucia y Libertador de San Crist\u00f3bal.<\/li>\n\n\n\n<li>Panamericano: Barrio 19 de abril de Coloncito.<\/li>\n\n\n\n<li>Independencia: Carreras 8 y 9, Capacho Nuevo.<\/li>\n\n\n\n<li>Rafael Urdaneta: Puente Alianza de Delicias.<\/li>\n\n\n\n<li>Jun\u00edn: Casco Central de Rubio.<\/li>\n\n\n\n<li>Andr\u00e9s Bello: Cordero.<\/li>\n<\/ul>\n\n\n\n<p>El \u00fanico m\u00e9todo de pago permitido es punto de venta.<\/p>\n\n\n\n<p>Para obtener m\u00e1s informaci\u00f3n sobre estas Jornadas Integrales de Atenci\u00f3n al Usuario, los interesados pueden seguir la cuenta @corpoelecinfo en Instagram.<\/p>\n\n\n\n<p><strong>Prensa MPPEE-Corpoelec<\/strong><\/p>\n","protected":false},"excerpt":{"rendered":"<p>Estado T\u00e1chira.- La Corporaci\u00f3n El\u00e9ctrica Nacional (Corpoelec) se desplegar\u00e1 desde este jueves 24 hasta el s\u00e1bado 26 de octubre en<\/p>\n","protected":false},"author":22,"featured_media":91160,"comment_status":"closed","ping_status":"closed","sticky":false,"template":"","format":"standard","meta":{"footnotes":""},"categories":[30],"tags":[2691,11,2700,46],"class_list":["post-92084","post","type-post","status-publish","format-standard","has-post-thumbnail","hentry","category-regionales","tag-corpoelec","tag-mppee","tag-tachira","tag-venezuela"],"_links":{"self":[{"href":"https:\/\/mppee.gob.ve\/index.php?rest_route=\/wp\/v2\/posts\/92084","targetHints":{"allow":["GET"]}}],"collection":[{"href":"https:\/\/mppee.gob.ve\/index.php?rest_route=\/wp\/v2\/posts"}],"about":[{"href":"https:\/\/mppee.gob.ve\/index.php?rest_route=\/wp\/v2\/types\/post"}],"author":[{"embeddable":true,"href":"https:\/\/mppee.gob.ve\/index.php?rest_route=\/wp\/v2\/users\/22"}],"replies":[{"embeddable":true,"href":"https:\/\/mppee.gob.ve\/index.php?rest_route=%2Fwp%2Fv2%2Fcomments&post=92084"}],"version-history":[{"count":1,"href":"https:\/\/mppee.gob.ve\/index.php?rest_route=\/wp\/v2\/posts\/92084\/revisions"}],"predecessor-version":[{"id":92085,"href":"https:\/\/mppee.gob.ve\/index.php?rest_route=\/wp\/v2\/posts\/92084\/revisions\/92085"}],"wp:featuredmedia":[{"embeddable":true,"href":"https:\/\/mppee.gob.ve\/index.php?rest_route=\/wp\/v2\/media\/91160"}],"wp:attachment":[{"href":"https:\/\/mppee.gob.ve\/index.php?rest_route=%2Fwp%2Fv2%2Fmedia&parent=92084"}],"wp:term":[{"taxonomy":"category","embeddable":true,"href":"https:\/\/mppee.gob.ve\/index.php?rest_route=%2Fwp%2Fv2%2Fcategories&post=92084"},{"taxonomy":"post_tag","embeddable":true,"href":"https:\/\/mppee.gob.ve\/index.php?rest_route=%2Fwp%2Fv2%2Ftags&post=92084"}],"curies":[{"name":"wp","href":"https:\/\/api.w.org\/{rel}","templated":true}]}}