{"id":92092,"date":"2024-10-23T17:43:29","date_gmt":"2024-10-23T17:43:29","guid":{"rendered":"http:\/\/mppee.gob.ve\/?p=92092"},"modified":"2024-10-23T17:43:32","modified_gmt":"2024-10-23T17:43:32","slug":"graciela-zavala-mi-mision-en-corpoelec-es-garantizar-un-sistema-robusto-y-confiable","status":"publish","type":"post","link":"https:\/\/mppee.gob.ve\/?p=92092","title":{"rendered":"Graciela Zavala: Mi misi\u00f3n en Corpoelec es garantizar un sistema robusto y confiable"},"content":{"rendered":"\n<p><strong>Planta Centro, estado Carabobo.-<\/strong> Quince a\u00f1os han pasado desde que Graciela Zavala lleg\u00f3 con sue\u00f1os, ideas, propuestas y objetivos claros a la Corporaci\u00f3n El\u00e9ctrica Nacional (Corpoelec) para garantizar a la poblaci\u00f3n, desde su labor, un sistema el\u00e9ctrico robusto y confiable.<\/p>\n\n\n\n<p>Ser mujer en un sector saturado de la presencia masculina, nunca fue una preocupaci\u00f3n para la ingeniera en Gesti\u00f3n de Mantenimiento El\u00e9ctrico y hoy supervisora del \u00c1rea de Instrumentaci\u00f3n, Coordinaci\u00f3n y Mantenimiento de la Sala de Control de la Unidad 5 de la Planta Termoel\u00e9ctrica del Centro (Planta Centro), ubicada en Punta Mor\u00f3n, estado Carabobo.<\/p>\n\n\n\n<p>Su sonrisa y su pa\u00f1oleta azul, recogiendo su larga cabellera negra, destacan en la joven ingeniera de piel morena que, en boca de sus compa\u00f1eros, \u201cilumina la planta con su belleza y fortalece el trabajo diario con sus habilidades y conocimientos\u201d.<\/p>\n\n\n\n<p>Armada con sus herramientas de trabajo, su primera e importante tarea de cada d\u00eda es montar y medir la instrumentaci\u00f3n de las turbinas de la Sala de Control de la Unidad 5, para asegurar el buen funcionamiento del sistema el\u00e9ctrico que genera la electricidad que llega a las comunidades del Centro y parte del Occidente venezolano.<\/p>\n\n\n\n<p>\u201cEn el proceso, junto a mis compa\u00f1eros me encargo de manejar la temperatura, presi\u00f3n, nivel y la instrumentaci\u00f3n de cada proceso para que la planta preste un mejor funcionamiento y tener un sistema confiable para el desarrollo el\u00e9ctrico del pa\u00eds\u201d, consider\u00f3.<\/p>\n\n\n\n<p>Oriunda de la Sierra de Coro, estado Falc\u00f3n, y con el \u00edmpetu heredado de ancestros como Jos\u00e9 Leonardo Chirinos, esta joven ingeniera defiende desde el calor de las turbinas de Planta Centro, la capacidad profesional y productiva de los trabajadores de Corpoelec para cuidar y preservar el Sistema El\u00e9ctrico Nacional (SEN) frente a cualquier ataque.<\/p>\n\n\n\n<p>\u201cNosotros, en Corpoelec, estamos capacitados para las adversidades que se nos presenten. A la ciudadan\u00eda les aseguro que tenemos trabajadores con potencial, que resuelven todos los desaf\u00edos del sector\u201d para brindar un servicio confiable a los ciudadanos.<\/p>\n\n\n\n<p><strong>Desarrollo profesional<\/strong><\/p>\n\n\n\n<p>Con gratitud, Graciela rememora, cada vez que puede, sus inicios en el sector en el a\u00f1o 2008. Desde entonces, afirma que Corpoelec se convirti\u00f3 en algo m\u00e1s que su trabajo: es su medio para crecer en conocimientos y experiencias de valor.<\/p>\n\n\n\n<p>\u201cCorpoelec me ha dado la oportunidad de aprender much\u00edsimo, esto es una escuela, es una empresa grande, amplia y que nos permite cada d\u00eda aprender m\u00e1s. En 2022 me dieron la oportunidad de viajar a Guri, siendo la \u00fanica mujer del estado Carabobo, certificada como ingeniero en Gesti\u00f3n de Mantenimiento El\u00e9ctrico\u201d, lo que represent\u00f3 gratificaci\u00f3n y reconocimiento a sus esfuerzos y a\u00f1os de servicio.<\/p>\n\n\n\n<p>Con el pasar de los a\u00f1os y las experiencias acumuladas, para Graciela compartir a diario con sus compa\u00f1eros es una oportunidad de seguir aprendiendo, pero tambi\u00e9n de aportar sus propios conocimientos al girar instrucciones al personal a su cargo durante cada guardia.\u00a0<\/p>\n\n\n\n<p>El orgullo de poder contribuir con el crecimiento de Corpoelec y mantener desde su aporte, la Planta Centro activa, minimizando cualquier falla, recuperando \u00e1reas afectadas por ataques al sistema e implementar planes de mantenimiento preventivo desde su propio criterio, es invaluable para Zavala.<\/p>\n\n\n\n<p>Su mayor deseo es contribuir a la recuperaci\u00f3n progresiva de la infraestructura del SEN y seguir trabajando de la mano del Gobierno Nacional a trav\u00e9s de la instituci\u00f3n garante de esta visi\u00f3n de crecimiento: el Ministerio del Poder Popular para la Energ\u00eda El\u00e9ctrica (MPPEE).<\/p>\n\n\n\n<p>A los j\u00f3venes y futuros profesionales de su \u00e1rea les aconseja mantener \u201cla \u00e9tica y el compromiso con el sistema, creer en sus capacidades y estar siempre disponibles para cuando se presente una falla\u201d.<\/p>\n\n\n\n<p>Entre sus satisfacciones en el sector el\u00e9ctrico, cuenta con orgullo su participaci\u00f3n y aportes para reactivar la energ\u00eda el\u00e9ctrica en el a\u00f1o 2019, cuando la infraestructura del SEN fue atacada y sumergi\u00f3 al pa\u00eds en la oscuridad.<\/p>\n\n\n\n<p>\u201cTuve la oportunidad de estar ac\u00e1 en 2019 y trabaj\u00e9 treinta y ocho horas sin dormir durante los ataques (&#8230;) Cuando Venezuela qued\u00f3 completamente oscura, me toc\u00f3 venir, apoyar al equipo a levantar el sistema. Para m\u00ed fue una satisfacci\u00f3n muy grande, no hubo cansancio porque sent\u00eda el compromiso de ayudar a mi pa\u00eds\u201d, record\u00f3.\u00a0\u00a0<\/p>\n\n\n\n<p>Con la premisa de nunca limitarse y tener la disposici\u00f3n de aprender e incursionar en nuevas \u00e1reas de la ingenier\u00eda, Graciela proyecta en su memoria y trabaja por ello, un pa\u00eds donde el servicio el\u00e9ctrico y quienes trabajan en \u00e9l sean cada vez m\u00e1s valorados, respetados y conscientes de la importancia de su labor.<\/p>\n\n\n\n<p>El trabajo de esta ingeniera venezolana se centra en conversar y reflexionar con la juventud para implantar en sus memorias la importancia de cuidar el SEN en pos del desarrollo y la productividad nacional.<\/p>\n\n\n\n<p>Zavala se declara como parte vital de la energ\u00eda de Venezuela, \u201cporque con mi trabajo en la Corporaci\u00f3n contribuyo al desarrollo el\u00e9ctrico del pa\u00eds\u201d.<\/p>\n\n\n\n<p><strong>Prensa MPPEE-Corpoelec \/ Rosiris Ortega Ortiz<\/strong><\/p>\n","protected":false},"excerpt":{"rendered":"<p>Planta Centro, estado Carabobo.- Quince a\u00f1os han pasado desde que Graciela Zavala lleg\u00f3 con sue\u00f1os, ideas, propuestas y objetivos claros<\/p>\n","protected":false},"author":24,"featured_media":92093,"comment_status":"closed","ping_status":"closed","sticky":false,"template":"","format":"standard","meta":{"footnotes":""},"categories":[1,7],"tags":[2691,2764,2766],"class_list":["post-92092","post","type-post","status-publish","format-standard","has-post-thumbnail","hentry","category-mppee","category-sen","tag-corpoelec","tag-mujeres","tag-planta-centro"],"_links":{"self":[{"href":"https:\/\/mppee.gob.ve\/index.php?rest_route=\/wp\/v2\/posts\/92092","targetHints":{"allow":["GET"]}}],"collection":[{"href":"https:\/\/mppee.gob.ve\/index.php?rest_route=\/wp\/v2\/posts"}],"about":[{"href":"https:\/\/mppee.gob.ve\/index.php?rest_route=\/wp\/v2\/types\/post"}],"author":[{"embeddable":true,"href":"https:\/\/mppee.gob.ve\/index.php?rest_route=\/wp\/v2\/users\/24"}],"replies":[{"embeddable":true,"href":"https:\/\/mppee.gob.ve\/index.php?rest_route=%2Fwp%2Fv2%2Fcomments&post=92092"}],"version-history":[{"count":1,"href":"https:\/\/mppee.gob.ve\/index.php?rest_route=\/wp\/v2\/posts\/92092\/revisions"}],"predecessor-version":[{"id":92094,"href":"https:\/\/mppee.gob.ve\/index.php?rest_route=\/wp\/v2\/posts\/92092\/revisions\/92094"}],"wp:featuredmedia":[{"embeddable":true,"href":"https:\/\/mppee.gob.ve\/index.php?rest_route=\/wp\/v2\/media\/92093"}],"wp:attachment":[{"href":"https:\/\/mppee.gob.ve\/index.php?rest_route=%2Fwp%2Fv2%2Fmedia&parent=92092"}],"wp:term":[{"taxonomy":"category","embeddable":true,"href":"https:\/\/mppee.gob.ve\/index.php?rest_route=%2Fwp%2Fv2%2Fcategories&post=92092"},{"taxonomy":"post_tag","embeddable":true,"href":"https:\/\/mppee.gob.ve\/index.php?rest_route=%2Fwp%2Fv2%2Ftags&post=92092"}],"curies":[{"name":"wp","href":"https:\/\/api.w.org\/{rel}","templated":true}]}}