{"id":92097,"date":"2024-10-23T21:03:43","date_gmt":"2024-10-23T21:03:43","guid":{"rendered":"http:\/\/mppee.gob.ve\/?p=92097"},"modified":"2024-10-23T21:03:45","modified_gmt":"2024-10-23T21:03:45","slug":"a-traves-de-estrategias-pedagogicas-forman-a-ninos-y-ninas-sobre-el-ahorro-energetico","status":"publish","type":"post","link":"https:\/\/mppee.gob.ve\/?p=92097","title":{"rendered":"A trav\u00e9s de estrategias pedag\u00f3gicas, forman a ni\u00f1os y ni\u00f1as sobre el ahorro energ\u00e9tico"},"content":{"rendered":"\n<p><strong>San Bernardino, Caracas.-<\/strong> Como parte de la celebraci\u00f3n del D\u00eda del Ahorro de Energ\u00eda, Semilleros Cient\u00edficos de la Unidad Educativa Distrital \u201cRivas\u201d, ubicada en la parroquia La Pastora, participaron a la Ruta Tecnol\u00f3gica, iniciativa pedag\u00f3gica que se realiza en las instalaciones del Aula de Sistemas de Energ\u00edas Renovables (Aula SER) del Ministerio del Poder Popular para la Energ\u00eda El\u00e9ctrica (MPPEE).<\/p>\n\n\n\n<p>La jornada cont\u00f3 con la asistencia de 31 ni\u00f1os y ni\u00f1as, en edades comprendidas entre 9 y 12 a\u00f1os, quienes, a trav\u00e9s de din\u00e1micas y charlas, reciben informaci\u00f3n valiosa sobre la importancia de las energ\u00edas alternativas para garantizar un futuro sostenible.<\/p>\n\n\n\n<p>Con alegr\u00eda en sus rostros, los infantes expresaron su emoci\u00f3n por aprender sobre recursos naturales y c\u00f3mo son empleados para generar electricidad, adem\u00e1s del uso correcto de los electrodom\u00e9sticos.<\/p>\n\n\n\n<p>Al respecto, la ni\u00f1a Michell Barbosa, de 10 a\u00f1os y cursante de 4\u00b0 grado, se\u00f1al\u00f3 sentirse alegre \u00abpor formar parte de esta visita donde nos ense\u00f1an como ahorrar energ\u00eda en nuestras casas\u00bb.<\/p>\n\n\n\n<p>Igualmente, el ni\u00f1o Jorge Chiribi, estudiante de 6\u00b0 grado, agradeci\u00f3 al Ministerio de Energ\u00eda El\u00e9ctrica \u00abpor abrirnos sus puertas para orientarnos sobre la importancia que tiene el ahorro energ\u00e9tico en nuestros hogares y escuelas\u00bb.<\/p>\n\n\n\n<p>Tambi\u00e9n cursante del 6\u00b0 grado, Camilo Cabrera destac\u00f3 que \u00abgracias a estas actividades podemos ampliar nuestros conocimientos sobre la eficiencia energ\u00e9tica\u00bb.<\/p>\n\n\n\n<p>Por su parte, Jos\u00e9 Cordero, trabajador de la Direcci\u00f3n General de Energ\u00eda Alternativa, se\u00f1al\u00f3 que \u00abel impacto que tienen estas charlas son las sugerencias que los ni\u00f1os y las ni\u00f1as reciben por parte de los profesionales del Viceministerio para Nuevas Fuentes y Uso Racional de la Energ\u00eda\u00bb, lo que contribuye a promover la conciencia energ\u00e9tica entre la poblaci\u00f3n.<\/p>\n\n\n\n<p><strong>\u201cGuardianes El\u00e9ctricos\u201d se suman al recorrido<\/strong><\/p>\n\n\n\n<p>M\u00e1s de 20 ni\u00f1os y ni\u00f1as pertenecientes al Centro de Educaci\u00f3n Inicial \u201cGuardianes El\u00e9ctricos\u201d, situado en la sede del MPPEE, se sumaron al recorrido por los espacios del Aula SER para conocer sobre la eficiencia energ\u00e9tica y el aprovechamiento de los recursos naturales.<\/p>\n\n\n\n<p>Entre cantos y aplausos, los m\u00e1s peque\u00f1os de la casa aprendieron sobre h\u00e1bitos de ahorro energ\u00e9tico y uso responsable de la electricidad como medida fundamental para conservar el planeta.<\/p>\n\n\n\n<p><strong>Prensa MPPEE \u2013 Corpoelec \/ Sina\u00ed Crespo<\/strong><\/p>\n\n\n\n<p><\/p>\n","protected":false},"excerpt":{"rendered":"<p>San Bernardino, Caracas.- Como parte de la celebraci\u00f3n del D\u00eda del Ahorro de Energ\u00eda, Semilleros Cient\u00edficos de la Unidad Educativa<\/p>\n","protected":false},"author":24,"featured_media":92098,"comment_status":"closed","ping_status":"closed","sticky":false,"template":"","format":"standard","meta":{"footnotes":""},"categories":[1,7,8],"tags":[2691,11,46],"class_list":["post-92097","post","type-post","status-publish","format-standard","has-post-thumbnail","hentry","category-mppee","category-sen","category-uso-eficiente-de-la-energia","tag-corpoelec","tag-mppee","tag-venezuela"],"_links":{"self":[{"href":"https:\/\/mppee.gob.ve\/index.php?rest_route=\/wp\/v2\/posts\/92097","targetHints":{"allow":["GET"]}}],"collection":[{"href":"https:\/\/mppee.gob.ve\/index.php?rest_route=\/wp\/v2\/posts"}],"about":[{"href":"https:\/\/mppee.gob.ve\/index.php?rest_route=\/wp\/v2\/types\/post"}],"author":[{"embeddable":true,"href":"https:\/\/mppee.gob.ve\/index.php?rest_route=\/wp\/v2\/users\/24"}],"replies":[{"embeddable":true,"href":"https:\/\/mppee.gob.ve\/index.php?rest_route=%2Fwp%2Fv2%2Fcomments&post=92097"}],"version-history":[{"count":1,"href":"https:\/\/mppee.gob.ve\/index.php?rest_route=\/wp\/v2\/posts\/92097\/revisions"}],"predecessor-version":[{"id":92099,"href":"https:\/\/mppee.gob.ve\/index.php?rest_route=\/wp\/v2\/posts\/92097\/revisions\/92099"}],"wp:featuredmedia":[{"embeddable":true,"href":"https:\/\/mppee.gob.ve\/index.php?rest_route=\/wp\/v2\/media\/92098"}],"wp:attachment":[{"href":"https:\/\/mppee.gob.ve\/index.php?rest_route=%2Fwp%2Fv2%2Fmedia&parent=92097"}],"wp:term":[{"taxonomy":"category","embeddable":true,"href":"https:\/\/mppee.gob.ve\/index.php?rest_route=%2Fwp%2Fv2%2Fcategories&post=92097"},{"taxonomy":"post_tag","embeddable":true,"href":"https:\/\/mppee.gob.ve\/index.php?rest_route=%2Fwp%2Fv2%2Ftags&post=92097"}],"curies":[{"name":"wp","href":"https:\/\/api.w.org\/{rel}","templated":true}]}}