{"id":92167,"date":"2024-10-28T17:46:51","date_gmt":"2024-10-28T17:46:51","guid":{"rendered":"http:\/\/mppee.gob.ve\/?p=92167"},"modified":"2024-10-28T17:56:13","modified_gmt":"2024-10-28T17:56:13","slug":"ministro-marquez-trabajando-en-equipo-nadie-podra-vencernos","status":"publish","type":"post","link":"https:\/\/mppee.gob.ve\/?p=92167","title":{"rendered":"Ministro M\u00e1rquez: Trabajando en equipo nadie podr\u00e1 vencernos"},"content":{"rendered":"\n<p><strong>San Bernandino, Caracas.-<\/strong> Al referirse a los constantes ataques que sufre el Sistema El\u00e9ctrico Nacional (SEN), el ministro del Poder Popular para la Energ\u00eda El\u00e9ctrica, Jorge M\u00e1rquez, llam\u00f3 a los trabajadores y trabajadoras a construir en equipo los logros del sector el\u00e9ctrico. <\/p>\n\n\n\n<p>\u201cTrabajando en equipo nadie podr\u00e1 vencernos\u201d, expres\u00f3 este lunes el tambi\u00e9n Vicepresidente Sectorial de Obras P\u00fablicas y Servicios, durante el acto con motivo del d\u00e9cimo quinto aniversario del Ministerio del Poder Popular para la Energ\u00eda El\u00e9ctrica (MPPEE). <\/p>\n\n\n\n<p>En este sentido, desde el auditorio del MPPEE, ubicado en Caracas, recalc\u00f3 que desde esta instancia del Ejecutivo Nacional se deben formular las pol\u00edticas p\u00fablicas necesarias para fortalecer a la Corporaci\u00f3n El\u00e9ctrica Nacional (Corpoelec) y brindar al pueblo venezolano un servicio m\u00e1s eficiente. <\/p>\n\n\n\n<p>El Gobierno Bolivariano, a trav\u00e9s del Ministerio del Poder Popular para la Energ\u00eda El\u00e9ctrica (MPPEE) y Corpoelec, llevan a cabo el Plan Nacional de Inspecciones y Mantenimiento Integral del SEN, lo que ha permitido fortalecer el servicio el\u00e9ctrico y robustecer la infraestructura de uno de los sectores m\u00e1s atacados en Venezuela. <\/p>\n\n\n\n<p><strong>Prensa MPPEE-Corpoelec\/Karla Cotoret<\/strong><\/p>\n\n\n\n<p><\/p>\n","protected":false},"excerpt":{"rendered":"<p>San Bernandino, Caracas.- Al referirse a los constantes ataques que sufre el Sistema El\u00e9ctrico Nacional (SEN), el ministro del Poder<\/p>\n","protected":false},"author":22,"featured_media":92172,"comment_status":"closed","ping_status":"closed","sticky":false,"template":"","format":"standard","meta":{"footnotes":""},"categories":[1,15],"tags":[11,46],"class_list":["post-92167","post","type-post","status-publish","format-standard","has-post-thumbnail","hentry","category-mppee","category-nacionales","tag-mppee","tag-venezuela"],"_links":{"self":[{"href":"https:\/\/mppee.gob.ve\/index.php?rest_route=\/wp\/v2\/posts\/92167","targetHints":{"allow":["GET"]}}],"collection":[{"href":"https:\/\/mppee.gob.ve\/index.php?rest_route=\/wp\/v2\/posts"}],"about":[{"href":"https:\/\/mppee.gob.ve\/index.php?rest_route=\/wp\/v2\/types\/post"}],"author":[{"embeddable":true,"href":"https:\/\/mppee.gob.ve\/index.php?rest_route=\/wp\/v2\/users\/22"}],"replies":[{"embeddable":true,"href":"https:\/\/mppee.gob.ve\/index.php?rest_route=%2Fwp%2Fv2%2Fcomments&post=92167"}],"version-history":[{"count":1,"href":"https:\/\/mppee.gob.ve\/index.php?rest_route=\/wp\/v2\/posts\/92167\/revisions"}],"predecessor-version":[{"id":92169,"href":"https:\/\/mppee.gob.ve\/index.php?rest_route=\/wp\/v2\/posts\/92167\/revisions\/92169"}],"wp:featuredmedia":[{"embeddable":true,"href":"https:\/\/mppee.gob.ve\/index.php?rest_route=\/wp\/v2\/media\/92172"}],"wp:attachment":[{"href":"https:\/\/mppee.gob.ve\/index.php?rest_route=%2Fwp%2Fv2%2Fmedia&parent=92167"}],"wp:term":[{"taxonomy":"category","embeddable":true,"href":"https:\/\/mppee.gob.ve\/index.php?rest_route=%2Fwp%2Fv2%2Fcategories&post=92167"},{"taxonomy":"post_tag","embeddable":true,"href":"https:\/\/mppee.gob.ve\/index.php?rest_route=%2Fwp%2Fv2%2Ftags&post=92167"}],"curies":[{"name":"wp","href":"https:\/\/api.w.org\/{rel}","templated":true}]}}