{"id":92213,"date":"2024-10-30T18:09:22","date_gmt":"2024-10-30T18:09:22","guid":{"rendered":"http:\/\/mppee.gob.ve\/?p=92213"},"modified":"2024-10-30T18:09:24","modified_gmt":"2024-10-30T18:09:24","slug":"vicepresidencia-de-obras-publicas-y-servicios-evalua-avances-de-proyectos-en-las-comunidades","status":"publish","type":"post","link":"https:\/\/mppee.gob.ve\/?p=92213","title":{"rendered":"Vicepresidencia de Obras P\u00fablicas y Servicios eval\u00faa avances de proyectos en las comunidades"},"content":{"rendered":"\n<p><strong>San Bernardino, Caracas.- <\/strong>Evaluar el avance de proyectos relacionados con obras p\u00fablicas y servicios es el prop\u00f3sito del encuentro que, a cargo del vicepresidente sectorial, Jorge M\u00e1rquez, se realiza este mi\u00e9rcoles en San Bernardino, ubicado en Caracas.<\/p>\n\n\n\n<p>El di\u00e1logo que recalca la necesidad de garantizar soluciones efectivas a las principales demandas de las comunidades, abord\u00f3 las acciones concretas que, desde las \u00e1reas de electricidad, transporte, obras p\u00fablicas, aguas y vivienda, se desarrollan en el \u00faltimo trimestre del a\u00f1o para fortalecer la atenci\u00f3n integral a trav\u00e9s del 1&#215;10 del Buen Gobierno.<\/p>\n\n\n\n<p>Asimismo, la reuni\u00f3n de trabajo sirvi\u00f3 para reforzar la metodolog\u00eda de trabajo, bajo una estrategia articulada que prioriza la eficiencia, eficacia y calidad en el despliegue comunitario.<\/p>\n\n\n\n<p>En el encuentro participan los ministros del Poder Popular para Transporte, Ram\u00f3n Vel\u00e1squez Araguay\u00e1n; para Obras P\u00fablicas, Juan Ram\u00edrez; para Atenci\u00f3n de las Aguas, Carlos Mast Yustiz; para H\u00e1bitat y Vivienda, Ra\u00fal Paredes; y para Ecosocialismo, Josu\u00e9 Lorca.<\/p>\n\n\n\n<p><strong>Prensa MPPEE &#8211; Corpoelec \/ Karelis Gonz\u00e1lez<\/strong><\/p>\n","protected":false},"excerpt":{"rendered":"<p>San Bernardino, Caracas.- Evaluar el avance de proyectos relacionados con obras p\u00fablicas y servicios es el prop\u00f3sito del encuentro que,<\/p>\n","protected":false},"author":24,"featured_media":92214,"comment_status":"closed","ping_status":"closed","sticky":false,"template":"","format":"standard","meta":{"footnotes":""},"categories":[15],"tags":[2763,2770,2745,327],"class_list":["post-92213","post","type-post","status-publish","format-standard","has-post-thumbnail","hentry","category-nacionales","tag-jorge-marquez","tag-obras-publicas","tag-servicios","tag-vsops"],"_links":{"self":[{"href":"https:\/\/mppee.gob.ve\/index.php?rest_route=\/wp\/v2\/posts\/92213","targetHints":{"allow":["GET"]}}],"collection":[{"href":"https:\/\/mppee.gob.ve\/index.php?rest_route=\/wp\/v2\/posts"}],"about":[{"href":"https:\/\/mppee.gob.ve\/index.php?rest_route=\/wp\/v2\/types\/post"}],"author":[{"embeddable":true,"href":"https:\/\/mppee.gob.ve\/index.php?rest_route=\/wp\/v2\/users\/24"}],"replies":[{"embeddable":true,"href":"https:\/\/mppee.gob.ve\/index.php?rest_route=%2Fwp%2Fv2%2Fcomments&post=92213"}],"version-history":[{"count":1,"href":"https:\/\/mppee.gob.ve\/index.php?rest_route=\/wp\/v2\/posts\/92213\/revisions"}],"predecessor-version":[{"id":92215,"href":"https:\/\/mppee.gob.ve\/index.php?rest_route=\/wp\/v2\/posts\/92213\/revisions\/92215"}],"wp:featuredmedia":[{"embeddable":true,"href":"https:\/\/mppee.gob.ve\/index.php?rest_route=\/wp\/v2\/media\/92214"}],"wp:attachment":[{"href":"https:\/\/mppee.gob.ve\/index.php?rest_route=%2Fwp%2Fv2%2Fmedia&parent=92213"}],"wp:term":[{"taxonomy":"category","embeddable":true,"href":"https:\/\/mppee.gob.ve\/index.php?rest_route=%2Fwp%2Fv2%2Fcategories&post=92213"},{"taxonomy":"post_tag","embeddable":true,"href":"https:\/\/mppee.gob.ve\/index.php?rest_route=%2Fwp%2Fv2%2Ftags&post=92213"}],"curies":[{"name":"wp","href":"https:\/\/api.w.org\/{rel}","templated":true}]}}