{"id":92243,"date":"2024-10-31T21:45:05","date_gmt":"2024-10-31T21:45:05","guid":{"rendered":"http:\/\/mppee.gob.ve\/?p=92243"},"modified":"2024-10-31T21:45:07","modified_gmt":"2024-10-31T21:45:07","slug":"corpoelec-despliega-jornadas-de-atencion-al-usuario-en-tachira","status":"publish","type":"post","link":"https:\/\/mppee.gob.ve\/?p=92243","title":{"rendered":"Corpoelec despliega jornadas de atenci\u00f3n al usuario en T\u00e1chira"},"content":{"rendered":"\n<p><strong>Estado T\u00e1chira.-<\/strong> Este viernes 01 y s\u00e1bado 02 de noviembre la Corporaci\u00f3n El\u00e9ctrica Nacional (Corpoelec) desplegar\u00e1 Jornadas Integrales de Atenci\u00f3n al Usuario en municipios del estado T\u00e1chira, a fin de garantizar la asesor\u00eda necesaria en tramites del servicio de electricidad.<\/p>\n\n\n\n<p>En este sentido, los Centros Integrales de Atenci\u00f3n al Usuario (CIAU) pone a disposici\u00f3n de la poblaci\u00f3n tachirense stands para realizar actualizaci\u00f3n de datos, pago de facturas, as\u00ed como notificaci\u00f3n de deuda, en un horario comprendido desde las 8:00 de la ma\u00f1ana hasta las 4:00 de la tarde.<\/p>\n\n\n\n<p>A continuaci\u00f3n, conozca los municipios d\u00f3nde estar\u00e1n ubicados los stands.<\/p>\n\n\n\n<p>Viernes 01<\/p>\n\n\n\n<ul class=\"wp-block-list\">\n<li>Bol\u00edvar: Casco central de San Antonio.<\/li>\n\n\n\n<li>Sucre: Sector Santa Filomena, Machado y Colinas.<\/li>\n\n\n\n<li>Ayacucho: Sector Panamericana de Col\u00f3n.<\/li>\n\n\n\n<li>San Crist\u00f3bal: Sector Villa Palermo de San Crist\u00f3bal.<\/li>\n\n\n\n<li>Rafael Urdaneta: Aldea Aguaditas de Delicias.<\/li>\n\n\n\n<li>Jun\u00edn: Casco Central de Rubio.<\/li>\n<\/ul>\n\n\n\n<p>S\u00e1bado 02<\/p>\n\n\n\n<ul class=\"wp-block-list\">\n<li>Garc\u00eda de Hevia: Calle 5 de La Fr\u00eda.<\/li>\n\n\n\n<li>San Crist\u00f3bal: Sector Barrio El Alto, calle 6 parte alta de San Crist\u00f3bal.<\/li>\n<\/ul>\n\n\n\n<p>El \u00fanico m\u00e9todo de pago autorizado es punto de venta.<\/p>\n\n\n\n<p>Para mayor informaci\u00f3n sobre las jornadas de atenci\u00f3n al usuario, puede visitar nuestras cuentas oficiales en Instagram @corpoelecinfo y Facebook Corpoelec Informa.<\/p>\n\n\n\n<p><strong>Prensa MPPEE-Corpoelec<\/strong><\/p>\n","protected":false},"excerpt":{"rendered":"<p>Estado T\u00e1chira.- Este viernes 01 y s\u00e1bado 02 de noviembre la Corporaci\u00f3n El\u00e9ctrica Nacional (Corpoelec) desplegar\u00e1 Jornadas Integrales de Atenci\u00f3n<\/p>\n","protected":false},"author":24,"featured_media":91327,"comment_status":"closed","ping_status":"closed","sticky":false,"template":"","format":"standard","meta":{"footnotes":""},"categories":[1,30,7],"tags":[2691,11,2744,2700,46],"class_list":["post-92243","post","type-post","status-publish","format-standard","has-post-thumbnail","hentry","category-mppee","category-regionales","category-sen","tag-corpoelec","tag-mppee","tag-sen","tag-tachira","tag-venezuela"],"_links":{"self":[{"href":"https:\/\/mppee.gob.ve\/index.php?rest_route=\/wp\/v2\/posts\/92243","targetHints":{"allow":["GET"]}}],"collection":[{"href":"https:\/\/mppee.gob.ve\/index.php?rest_route=\/wp\/v2\/posts"}],"about":[{"href":"https:\/\/mppee.gob.ve\/index.php?rest_route=\/wp\/v2\/types\/post"}],"author":[{"embeddable":true,"href":"https:\/\/mppee.gob.ve\/index.php?rest_route=\/wp\/v2\/users\/24"}],"replies":[{"embeddable":true,"href":"https:\/\/mppee.gob.ve\/index.php?rest_route=%2Fwp%2Fv2%2Fcomments&post=92243"}],"version-history":[{"count":1,"href":"https:\/\/mppee.gob.ve\/index.php?rest_route=\/wp\/v2\/posts\/92243\/revisions"}],"predecessor-version":[{"id":92244,"href":"https:\/\/mppee.gob.ve\/index.php?rest_route=\/wp\/v2\/posts\/92243\/revisions\/92244"}],"wp:featuredmedia":[{"embeddable":true,"href":"https:\/\/mppee.gob.ve\/index.php?rest_route=\/wp\/v2\/media\/91327"}],"wp:attachment":[{"href":"https:\/\/mppee.gob.ve\/index.php?rest_route=%2Fwp%2Fv2%2Fmedia&parent=92243"}],"wp:term":[{"taxonomy":"category","embeddable":true,"href":"https:\/\/mppee.gob.ve\/index.php?rest_route=%2Fwp%2Fv2%2Fcategories&post=92243"},{"taxonomy":"post_tag","embeddable":true,"href":"https:\/\/mppee.gob.ve\/index.php?rest_route=%2Fwp%2Fv2%2Ftags&post=92243"}],"curies":[{"name":"wp","href":"https:\/\/api.w.org\/{rel}","templated":true}]}}