{"id":92249,"date":"2024-11-01T14:32:55","date_gmt":"2024-11-01T14:32:55","guid":{"rendered":"http:\/\/mppee.gob.ve\/?p=92249"},"modified":"2024-11-01T14:32:57","modified_gmt":"2024-11-01T14:32:57","slug":"corpoelec-desplegara-jornadas-de-atencion-al-usuario-en-el-estado-apure","status":"publish","type":"post","link":"https:\/\/mppee.gob.ve\/?p=92249","title":{"rendered":"Corpoelec desplegar\u00e1 jornadas de atenci\u00f3n al usuario en el estado Apure"},"content":{"rendered":"\n<p><strong>Estado Apure.- <\/strong>La Corporaci\u00f3n El\u00e9ctrica Nacional (Corpoelec) llevar\u00e1 a cabo este s\u00e1bado 02 de noviembre, jornada de atenci\u00f3n integral al usuario en comunidades de los municipios San Fernando, Biruaca, Achaguas, R\u00f3mulo Gallegos, Mu\u00f1oz y P\u00e1ez del estado Apure.<\/p>\n\n\n\n<p>Los agentes comerciales brindar\u00e1n asistencia a los suscriptores residenciales en materia de actualizaci\u00f3n de datos, notificaci\u00f3n de deuda, recepci\u00f3n de reclamos y pago de factura, adem\u00e1s de orientarlos acerca del uso de la Banca en L\u00ednea.<\/p>\n\n\n\n<p>Los stands estar\u00e1n activos en horario de 8:00 de la ma\u00f1ana a 2:00 de la tarde en los siguientes espacios:<\/p>\n\n\n\n<ul class=\"wp-block-list\">\n<li>Urbanizaci\u00f3n Los Cedros y La Guamita, parroquia San Fernando, municipio San Fernando<\/li>\n\n\n\n<li>Urbanizaci\u00f3n Santa Rufina, parroquia Biruaca, municipio Biruaca<\/li>\n\n\n\n<li>Avenida Los Centauros, parroquia Achaguas, municipio Achaguas<\/li>\n\n\n\n<li>Calle Bol\u00edvar, parroquia Elorza, municipio R\u00f3mulo Gallegos<\/li>\n\n\n\n<li>Entrada de Mantecal, parroquia Mantecal, municipio Mu\u00f1oz<\/li>\n\n\n\n<li>Avenida Marquez del Pumar, parroquia Guasdualito, municipio P\u00e1ez<\/li>\n<\/ul>\n\n\n\n<p>Para mayor informaci\u00f3n sobre las Jornadas Integrales de Atenci\u00f3n al Usuario, puede visitar la cuenta @corpoelecinfo en la red social Instagram.<\/p>\n\n\n\n<p>Prensa MPPEE-Corpoelec<\/p>\n","protected":false},"excerpt":{"rendered":"<p>Estado Apure.- La Corporaci\u00f3n El\u00e9ctrica Nacional (Corpoelec) llevar\u00e1 a cabo este s\u00e1bado 02 de noviembre, jornada de atenci\u00f3n integral al<\/p>\n","protected":false},"author":22,"featured_media":91174,"comment_status":"closed","ping_status":"closed","sticky":false,"template":"","format":"standard","meta":{"footnotes":""},"categories":[30,7],"tags":[2722,2691,11,2744,46],"class_list":["post-92249","post","type-post","status-publish","format-standard","has-post-thumbnail","hentry","category-regionales","category-sen","tag-apure","tag-corpoelec","tag-mppee","tag-sen","tag-venezuela"],"_links":{"self":[{"href":"https:\/\/mppee.gob.ve\/index.php?rest_route=\/wp\/v2\/posts\/92249","targetHints":{"allow":["GET"]}}],"collection":[{"href":"https:\/\/mppee.gob.ve\/index.php?rest_route=\/wp\/v2\/posts"}],"about":[{"href":"https:\/\/mppee.gob.ve\/index.php?rest_route=\/wp\/v2\/types\/post"}],"author":[{"embeddable":true,"href":"https:\/\/mppee.gob.ve\/index.php?rest_route=\/wp\/v2\/users\/22"}],"replies":[{"embeddable":true,"href":"https:\/\/mppee.gob.ve\/index.php?rest_route=%2Fwp%2Fv2%2Fcomments&post=92249"}],"version-history":[{"count":1,"href":"https:\/\/mppee.gob.ve\/index.php?rest_route=\/wp\/v2\/posts\/92249\/revisions"}],"predecessor-version":[{"id":92250,"href":"https:\/\/mppee.gob.ve\/index.php?rest_route=\/wp\/v2\/posts\/92249\/revisions\/92250"}],"wp:featuredmedia":[{"embeddable":true,"href":"https:\/\/mppee.gob.ve\/index.php?rest_route=\/wp\/v2\/media\/91174"}],"wp:attachment":[{"href":"https:\/\/mppee.gob.ve\/index.php?rest_route=%2Fwp%2Fv2%2Fmedia&parent=92249"}],"wp:term":[{"taxonomy":"category","embeddable":true,"href":"https:\/\/mppee.gob.ve\/index.php?rest_route=%2Fwp%2Fv2%2Fcategories&post=92249"},{"taxonomy":"post_tag","embeddable":true,"href":"https:\/\/mppee.gob.ve\/index.php?rest_route=%2Fwp%2Fv2%2Ftags&post=92249"}],"curies":[{"name":"wp","href":"https:\/\/api.w.org\/{rel}","templated":true}]}}