{"id":92265,"date":"2024-11-01T23:11:10","date_gmt":"2024-11-01T23:11:10","guid":{"rendered":"http:\/\/mppee.gob.ve\/?p=92265"},"modified":"2024-11-01T23:18:41","modified_gmt":"2024-11-01T23:18:41","slug":"corpoelec-amplia-capacidad-operativa-con-entrega-de-vehiculos-para-las-regiones","status":"publish","type":"post","link":"https:\/\/mppee.gob.ve\/?p=92265","title":{"rendered":"Corpoelec ampl\u00eda capacidad operativa con entrega de veh\u00edculos para las regiones"},"content":{"rendered":"\n<p><strong> San Bernardino, Caracas.- <\/strong>Con el compromiso de cumplir el deber de dar calidad de vida a la poblaci\u00f3n venezolana, la Corporaci\u00f3n El\u00e9ctrica Nacional (Corpoelec) entreg\u00f3 este viernes, 27 nuevos veh\u00edculos para ampliar la capacidad operativa y de respuesta para las regiones. <\/p>\n\n\n\n<p>Desde el Centro de Servicio de Corpoelec, en su sede El Marqu\u00e9s, estado Miranda, un nutrido grupo de trabajadores procedentes de los estados Zulia, Trujillo, T\u00e1chira, Miranda, Gu\u00e1rico, Bol\u00edvar y Anzo\u00e1tegui, recibieron la flota vehicular de manos del ministro del Poder Popular para la Energ\u00eda El\u00e9ctrica, Jorge M\u00e1rquez.<\/p>\n\n\n\n<p> Durante el acto de entrega, M\u00e1rquez, enfatiz\u00f3 el llamado a redoblar esfuerzos, de la mano con la clase trabajadora, para fortalecer el Sistema El\u00e9ctrico Nacional (SEN) desde cada \u00e1rea operativa.<\/p>\n\n\n\n<p> \u201cEn nombre del presidente Nicol\u00e1s Maduro, les voy a entregar estos veh\u00edculos que son para el uso y bienestar de nuestro pa\u00eds, para que ustedes cumplan su misi\u00f3n de una manera m\u00e1s confortable y agradable\u201d, confi\u00f3 el titular de Energ\u00eda El\u00e9ctrica. <\/p>\n\n\n\n<p>Asimismo, reiter\u00f3 que desde el Gobierno Nacional \u201cestamos haciendo un gran esfuerzo y necesitamos que ustedes sigan haciendo lo que saben hacer, que es trabajar, para llevar el bienestar a la gente\u201d. <\/p>\n\n\n\n<p>Con esta nueva entrega, Corpoelec robustece su flota vehicular y afianza su presencia en las distintas regiones de Venezuela. <\/p>\n\n\n\n<p><strong>Prensa MPPEE-Corpoelec \/ Rosiris Ortega<\/strong><\/p>\n","protected":false},"excerpt":{"rendered":"<p>San Bernardino, Caracas.- Con el compromiso de cumplir el deber de dar calidad de vida a la poblaci\u00f3n venezolana, la<\/p>\n","protected":false},"author":22,"featured_media":92266,"comment_status":"closed","ping_status":"closed","sticky":false,"template":"","format":"standard","meta":{"footnotes":""},"categories":[1,15],"tags":[],"class_list":["post-92265","post","type-post","status-publish","format-standard","has-post-thumbnail","hentry","category-mppee","category-nacionales"],"_links":{"self":[{"href":"https:\/\/mppee.gob.ve\/index.php?rest_route=\/wp\/v2\/posts\/92265","targetHints":{"allow":["GET"]}}],"collection":[{"href":"https:\/\/mppee.gob.ve\/index.php?rest_route=\/wp\/v2\/posts"}],"about":[{"href":"https:\/\/mppee.gob.ve\/index.php?rest_route=\/wp\/v2\/types\/post"}],"author":[{"embeddable":true,"href":"https:\/\/mppee.gob.ve\/index.php?rest_route=\/wp\/v2\/users\/22"}],"replies":[{"embeddable":true,"href":"https:\/\/mppee.gob.ve\/index.php?rest_route=%2Fwp%2Fv2%2Fcomments&post=92265"}],"version-history":[{"count":1,"href":"https:\/\/mppee.gob.ve\/index.php?rest_route=\/wp\/v2\/posts\/92265\/revisions"}],"predecessor-version":[{"id":92267,"href":"https:\/\/mppee.gob.ve\/index.php?rest_route=\/wp\/v2\/posts\/92265\/revisions\/92267"}],"wp:featuredmedia":[{"embeddable":true,"href":"https:\/\/mppee.gob.ve\/index.php?rest_route=\/wp\/v2\/media\/92266"}],"wp:attachment":[{"href":"https:\/\/mppee.gob.ve\/index.php?rest_route=%2Fwp%2Fv2%2Fmedia&parent=92265"}],"wp:term":[{"taxonomy":"category","embeddable":true,"href":"https:\/\/mppee.gob.ve\/index.php?rest_route=%2Fwp%2Fv2%2Fcategories&post=92265"},{"taxonomy":"post_tag","embeddable":true,"href":"https:\/\/mppee.gob.ve\/index.php?rest_route=%2Fwp%2Fv2%2Ftags&post=92265"}],"curies":[{"name":"wp","href":"https:\/\/api.w.org\/{rel}","templated":true}]}}