{"id":92268,"date":"2024-11-02T14:58:57","date_gmt":"2024-11-02T14:58:57","guid":{"rendered":"http:\/\/mppee.gob.ve\/?p=92268"},"modified":"2024-11-02T14:59:00","modified_gmt":"2024-11-02T14:59:00","slug":"corpoelec-realizara-mantenimiento-programado-en-la-subestacion-san-felix","status":"publish","type":"post","link":"https:\/\/mppee.gob.ve\/?p=92268","title":{"rendered":"Corpoelec realizar\u00e1 mantenimiento programado en la subestaci\u00f3n San F\u00e9lix"},"content":{"rendered":"\n<p><strong>Estado Bol\u00edvar.- <\/strong>El personal t\u00e9cnico y especializado de Corpoelec, este domingo 03 de noviembre llevar\u00e1 a cabo un plan de mantenimiento preventivo y correctivo en la subestaci\u00f3n San F\u00e9lix del municipio Caron\u00ed, estado Bol\u00edvar.<\/p>\n\n\n\n<p>Los trabajos iniciar\u00e1n a partir de las 7:00 de la ma\u00f1ana, hasta la 1:00 de la tarde, con el prop\u00f3sito de intervenir los circuitos que alimentan de energ\u00eda a los sectores de las parroquias Sim\u00f3n Bol\u00edvar y parte de Chirica y Dalla Costa.<\/p>\n\n\n\n<p>Durante las maniobras se realizar\u00e1 correcci\u00f3n de puntos calientes, pica y poda, ajuste en las conexiones, as\u00ed como sustituci\u00f3n y adecuaci\u00f3n de equipos, a fin de garantizar la operatividad del sistema el\u00e9ctrico en los circuitos asociados a \u00e9sta subestaci\u00f3n.<\/p>\n\n\n\n<p>La Estatal el\u00e9ctrica contin\u00faa llevando a cabo la planificaci\u00f3n estrat\u00e9gica de sus mantenimientos programados, con el prop\u00f3sito de seguir brind\u00e1ndole al pueblo soberano, un servicio el\u00e9ctrico confiable y de calidad.<\/p>\n\n\n\n<p><strong>Prensa MPPEE-Corpoelec<\/strong><\/p>\n\n\n\n<p><\/p>\n","protected":false},"excerpt":{"rendered":"<p>Estado Bol\u00edvar.- El personal t\u00e9cnico y especializado de Corpoelec, este domingo 03 de noviembre llevar\u00e1 a cabo un plan de<\/p>\n","protected":false},"author":22,"featured_media":92269,"comment_status":"closed","ping_status":"closed","sticky":false,"template":"","format":"standard","meta":{"footnotes":""},"categories":[30,7],"tags":[2723,2691,11,2744,46],"class_list":["post-92268","post","type-post","status-publish","format-standard","has-post-thumbnail","hentry","category-regionales","category-sen","tag-bolivar","tag-corpoelec","tag-mppee","tag-sen","tag-venezuela"],"_links":{"self":[{"href":"https:\/\/mppee.gob.ve\/index.php?rest_route=\/wp\/v2\/posts\/92268","targetHints":{"allow":["GET"]}}],"collection":[{"href":"https:\/\/mppee.gob.ve\/index.php?rest_route=\/wp\/v2\/posts"}],"about":[{"href":"https:\/\/mppee.gob.ve\/index.php?rest_route=\/wp\/v2\/types\/post"}],"author":[{"embeddable":true,"href":"https:\/\/mppee.gob.ve\/index.php?rest_route=\/wp\/v2\/users\/22"}],"replies":[{"embeddable":true,"href":"https:\/\/mppee.gob.ve\/index.php?rest_route=%2Fwp%2Fv2%2Fcomments&post=92268"}],"version-history":[{"count":1,"href":"https:\/\/mppee.gob.ve\/index.php?rest_route=\/wp\/v2\/posts\/92268\/revisions"}],"predecessor-version":[{"id":92270,"href":"https:\/\/mppee.gob.ve\/index.php?rest_route=\/wp\/v2\/posts\/92268\/revisions\/92270"}],"wp:featuredmedia":[{"embeddable":true,"href":"https:\/\/mppee.gob.ve\/index.php?rest_route=\/wp\/v2\/media\/92269"}],"wp:attachment":[{"href":"https:\/\/mppee.gob.ve\/index.php?rest_route=%2Fwp%2Fv2%2Fmedia&parent=92268"}],"wp:term":[{"taxonomy":"category","embeddable":true,"href":"https:\/\/mppee.gob.ve\/index.php?rest_route=%2Fwp%2Fv2%2Fcategories&post=92268"},{"taxonomy":"post_tag","embeddable":true,"href":"https:\/\/mppee.gob.ve\/index.php?rest_route=%2Fwp%2Fv2%2Ftags&post=92268"}],"curies":[{"name":"wp","href":"https:\/\/api.w.org\/{rel}","templated":true}]}}