{"id":92313,"date":"2024-11-06T15:01:47","date_gmt":"2024-11-06T15:01:47","guid":{"rendered":"http:\/\/mppee.gob.ve\/?p=92313"},"modified":"2024-11-06T15:01:50","modified_gmt":"2024-11-06T15:01:50","slug":"jornadas-integrales-de-atencion-a-usuarios-favorece-a-habitantes-de-tachira","status":"publish","type":"post","link":"https:\/\/mppee.gob.ve\/?p=92313","title":{"rendered":"Jornadas Integrales de Atenci\u00f3n a Usuarios favorece a habitantes de T\u00e1chira"},"content":{"rendered":"\n<p><strong>T\u00e1chira.-<\/strong> La Corporaci\u00f3n El\u00e9ctrica Nacional (Corpoelec), realizar\u00e1 Jornadas de Atenci\u00f3n al Usuario en diversos municipios del estado T\u00e1chira, con el prop\u00f3sito de dar respuestas oportunas a cada solicitud ciudadana.<\/p>\n\n\n\n<p>Para estas jornadas, los stands de los Centros Integrales de Atenci\u00f3n al Usuario (CIAU) estar\u00e1n desplegados los d\u00edas jueves 07, viernes 08 y s\u00e1bado 09 de noviembre desde las 08:00 de la ma\u00f1ana hasta las 04:00 de la tarde.<\/p>\n\n\n\n<p>Los usuarios tendr\u00e1n asistencia en materia de actualizaci\u00f3n de datos, pago de factura con punto de venta como \u00fanico m\u00e9todo de pago, notificaci\u00f3n de deuda y otras orientaciones.<\/p>\n\n\n\n<p>El jueves 7 de noviembre, los CIAU estar\u00e1n ubicados en los siguientes municipios:<\/p>\n\n\n\n<p>&#8211; Garc\u00eda de Hevia: Sector Urbanizaci\u00f3n Ra\u00fal Leoni de La Fr\u00eda.<\/p>\n\n\n\n<p>&#8211; Pedro Mar\u00eda Ure\u00f1a: Carreras 1 y 2 de Ure\u00f1a.<\/p>\n\n\n\n<p>&#8211; J\u00e1uregui: Valle de Los Zambranos de La Grita.<\/p>\n\n\n\n<p>&#8211; Ayacucho: Urbanizaci\u00f3n P\u00e9rez de Tolosa de Col\u00f3n.<\/p>\n\n\n\n<p>&#8211; San Crist\u00f3bal: Sector La Guayana, avenida 19 La Guacara, sector Cementerio Metropolitano de San Crist\u00f3bal.<\/p>\n\n\n\n<p>&#8211; Rafael Urdaneta: Sector San Jos\u00e9 del \u00c1vila de Delicias.<\/p>\n\n\n\n<p>&#8211; Jun\u00edn: Sector Bolivia de Rubio.<\/p>\n\n\n\n<p>&#8211; C\u00e1rdenas: Sector El Puente de T\u00e1riba.<\/p>\n\n\n\n<p>Para el viernes 8 de noviembre, los stands estar\u00e1n desplegados en los municipios:<\/p>\n\n\n\n<p>&#8211; C\u00f3rdoba: Casco Central de Santa Ana.<\/p>\n\n\n\n<p>&#8211; Sucre: Barrio Eleazar L\u00f3pez de Queniquea.<\/p>\n\n\n\n<p>&#8211; Ayacucho: Urbanizaci\u00f3n P\u00e9rez de Tolosa de Colon.<\/p>\n\n\n\n<p>&#8211; San Crist\u00f3bal: Sector Villa Dorada de San Crist\u00f3bal.<\/p>\n\n\n\n<p>&#8211; Rafael Urdaneta: Sector Puente Alianza de Delicias.<\/p>\n\n\n\n<p>&#8211; Jun\u00edn: Sector Centro de Rubio.<\/p>\n\n\n\n<p>&#8211; C\u00e1rdenas: Sector Las Vegas de T\u00e1riba.<\/p>\n\n\n\n<p>El s\u00e1bado 9 de noviembre la jornada se trasladar\u00e1 hasta los municipios:<\/p>\n\n\n\n<p>&#8211; C\u00f3rdoba: Casco Central de Santa Ana.<\/p>\n\n\n\n<p>&#8211; San Crist\u00f3bal: Sector Villa Dorada de San Crist\u00f3bal.<\/p>\n\n\n\n<p>&#8211; Jun\u00edn: Sectores de Rubio.<\/p>\n\n\n\n<p>Para mayor informaci\u00f3n sobre las Jornadas Integrales de Atenci\u00f3n al Usuario, puede visitar la cuenta @corpoelecinfo en la red social Instagram.<\/p>\n\n\n\n<p><strong>Prensa MPPEE-Corpoelec<\/strong><\/p>\n\n\n\n<p><\/p>\n","protected":false},"excerpt":{"rendered":"<p>T\u00e1chira.- La Corporaci\u00f3n El\u00e9ctrica Nacional (Corpoelec), realizar\u00e1 Jornadas de Atenci\u00f3n al Usuario en diversos municipios del estado T\u00e1chira, con el<\/p>\n","protected":false},"author":24,"featured_media":91330,"comment_status":"closed","ping_status":"closed","sticky":false,"template":"","format":"standard","meta":{"footnotes":""},"categories":[1,30,7],"tags":[2691,11,2744,2700,46],"class_list":["post-92313","post","type-post","status-publish","format-standard","has-post-thumbnail","hentry","category-mppee","category-regionales","category-sen","tag-corpoelec","tag-mppee","tag-sen","tag-tachira","tag-venezuela"],"_links":{"self":[{"href":"https:\/\/mppee.gob.ve\/index.php?rest_route=\/wp\/v2\/posts\/92313","targetHints":{"allow":["GET"]}}],"collection":[{"href":"https:\/\/mppee.gob.ve\/index.php?rest_route=\/wp\/v2\/posts"}],"about":[{"href":"https:\/\/mppee.gob.ve\/index.php?rest_route=\/wp\/v2\/types\/post"}],"author":[{"embeddable":true,"href":"https:\/\/mppee.gob.ve\/index.php?rest_route=\/wp\/v2\/users\/24"}],"replies":[{"embeddable":true,"href":"https:\/\/mppee.gob.ve\/index.php?rest_route=%2Fwp%2Fv2%2Fcomments&post=92313"}],"version-history":[{"count":1,"href":"https:\/\/mppee.gob.ve\/index.php?rest_route=\/wp\/v2\/posts\/92313\/revisions"}],"predecessor-version":[{"id":92314,"href":"https:\/\/mppee.gob.ve\/index.php?rest_route=\/wp\/v2\/posts\/92313\/revisions\/92314"}],"wp:featuredmedia":[{"embeddable":true,"href":"https:\/\/mppee.gob.ve\/index.php?rest_route=\/wp\/v2\/media\/91330"}],"wp:attachment":[{"href":"https:\/\/mppee.gob.ve\/index.php?rest_route=%2Fwp%2Fv2%2Fmedia&parent=92313"}],"wp:term":[{"taxonomy":"category","embeddable":true,"href":"https:\/\/mppee.gob.ve\/index.php?rest_route=%2Fwp%2Fv2%2Fcategories&post=92313"},{"taxonomy":"post_tag","embeddable":true,"href":"https:\/\/mppee.gob.ve\/index.php?rest_route=%2Fwp%2Fv2%2Ftags&post=92313"}],"curies":[{"name":"wp","href":"https:\/\/api.w.org\/{rel}","templated":true}]}}