{"id":92323,"date":"2024-11-06T21:20:31","date_gmt":"2024-11-06T21:20:31","guid":{"rendered":"http:\/\/mppee.gob.ve\/?p=92323"},"modified":"2024-11-06T21:21:38","modified_gmt":"2024-11-06T21:21:38","slug":"corpoelec-reubica-torre-de-transmision-para-potenciar-la-demanda-energetica-en-portuguesa","status":"publish","type":"post","link":"https:\/\/mppee.gob.ve\/?p=92323","title":{"rendered":"Corpoelec reubica torre de transmisi\u00f3n para potenciar la demanda energ\u00e9tica en Portuguesa"},"content":{"rendered":"\n<p><strong>Municipio Esteller, estado Portuguesa.-<\/strong> Para potenciar la demanda el\u00e9ctrica y responder con eficiencia a los usuarios, la Corporaci\u00f3n El\u00e9ctrica Nacional (Corpoelec) reubic\u00f3 la torre de transmisi\u00f3n n\u00famero 55 de la l\u00ednea 115 kV, Acarigua II-Tur\u00e9n II, ubicada en el municipio Esteller, del estado Portuguesa.<\/p>\n\n\n\n<p>Con esta acci\u00f3n, Corpoelec fortalece y eleva su capacidad de transmisi\u00f3n para ofrecer un servicio el\u00e9ctrico de calidad para m\u00e1s de 152 mil habitantes de la regi\u00f3n portuguese\u00f1a.<\/p>\n\n\n\n<p>Entre las labores ejecutadas por la clase trabajadora est\u00e1n: levantamiento topogr\u00e1fico, replanteo del terreno, excavaci\u00f3n, fabricaci\u00f3n de bases, instalaci\u00f3n de \u00e1ngulos, perfiles, cadena de aisladores, amortiguadores de suspensi\u00f3n y conductores.<\/p>\n\n\n\n<p>Al respecto, Ronnie Correa, trabajador de Corpoelec, destac\u00f3 el impacto que tienen los trabajos realizados, por Corpoelec, para los ciudadanos de Portuguesa.<\/p>\n\n\n\n<p>\u201cEn esta torre realizamos un importante trabajo, la misma fue reubicada luego del estudio de suelo que se aplic\u00f3 y la evaluaci\u00f3n del riesgo por la cercan\u00eda de la estructura al r\u00edo\u201d, dijo.<\/p>\n\n\n\n<p>Las labores tambi\u00e9n incluyeron, el reemplazo de los puentes frente al p\u00f3rtico de la subestaci\u00f3n Acarigua II, y la adecuaci\u00f3n relacionada con las acciones preventivas en la l\u00ednea 115\u202fkV que va hasta la subestaci\u00f3n Tur\u00e9n II.<\/p>\n\n\n\n<p>Con estas maniobras, el Gobierno Bolivariano a trav\u00e9s del Ministerio del Poder Popular para la Energ\u00eda El\u00e9ctrica (MPPEE) y Corpoelec, garantizan el transmisi\u00f3n de la energ\u00eda a las subestaciones de los municipios Esteller, Tur\u00e9n y Santa Rosal\u00eda de la entidad llanera.<\/p>\n\n\n\n<p><strong>Prensa MPPEE-Corpoelec<\/strong><\/p>\n","protected":false},"excerpt":{"rendered":"<p>Municipio Esteller, estado Portuguesa.- Para potenciar la demanda el\u00e9ctrica y responder con eficiencia a los usuarios, la Corporaci\u00f3n El\u00e9ctrica Nacional<\/p>\n","protected":false},"author":24,"featured_media":92324,"comment_status":"closed","ping_status":"closed","sticky":false,"template":"","format":"standard","meta":{"footnotes":""},"categories":[1,30,7],"tags":[2691,11,2725,2744,46],"class_list":["post-92323","post","type-post","status-publish","format-standard","has-post-thumbnail","hentry","category-mppee","category-regionales","category-sen","tag-corpoelec","tag-mppee","tag-portuguesa","tag-sen","tag-venezuela"],"_links":{"self":[{"href":"https:\/\/mppee.gob.ve\/index.php?rest_route=\/wp\/v2\/posts\/92323","targetHints":{"allow":["GET"]}}],"collection":[{"href":"https:\/\/mppee.gob.ve\/index.php?rest_route=\/wp\/v2\/posts"}],"about":[{"href":"https:\/\/mppee.gob.ve\/index.php?rest_route=\/wp\/v2\/types\/post"}],"author":[{"embeddable":true,"href":"https:\/\/mppee.gob.ve\/index.php?rest_route=\/wp\/v2\/users\/24"}],"replies":[{"embeddable":true,"href":"https:\/\/mppee.gob.ve\/index.php?rest_route=%2Fwp%2Fv2%2Fcomments&post=92323"}],"version-history":[{"count":2,"href":"https:\/\/mppee.gob.ve\/index.php?rest_route=\/wp\/v2\/posts\/92323\/revisions"}],"predecessor-version":[{"id":92326,"href":"https:\/\/mppee.gob.ve\/index.php?rest_route=\/wp\/v2\/posts\/92323\/revisions\/92326"}],"wp:featuredmedia":[{"embeddable":true,"href":"https:\/\/mppee.gob.ve\/index.php?rest_route=\/wp\/v2\/media\/92324"}],"wp:attachment":[{"href":"https:\/\/mppee.gob.ve\/index.php?rest_route=%2Fwp%2Fv2%2Fmedia&parent=92323"}],"wp:term":[{"taxonomy":"category","embeddable":true,"href":"https:\/\/mppee.gob.ve\/index.php?rest_route=%2Fwp%2Fv2%2Fcategories&post=92323"},{"taxonomy":"post_tag","embeddable":true,"href":"https:\/\/mppee.gob.ve\/index.php?rest_route=%2Fwp%2Fv2%2Ftags&post=92323"}],"curies":[{"name":"wp","href":"https:\/\/api.w.org\/{rel}","templated":true}]}}