{"id":92327,"date":"2024-11-06T21:34:31","date_gmt":"2024-11-06T21:34:31","guid":{"rendered":"http:\/\/mppee.gob.ve\/?p=92327"},"modified":"2024-11-06T21:34:45","modified_gmt":"2024-11-06T21:34:45","slug":"corpoelec-ofrece-atencion-personalizada-a-usuarios-residenciales-de-lara","status":"publish","type":"post","link":"https:\/\/mppee.gob.ve\/?p=92327","title":{"rendered":"Corpoelec ofrece atenci\u00f3n personalizada a usuarios residenciales de Lara"},"content":{"rendered":"\n<p><strong>Estado Lara.- <\/strong>Este jueves 07 de noviembre, la Corporaci\u00f3n El\u00e9ctrica Nacional (Corpoelec) despliega una jornada de atenci\u00f3n personalizada a los habitantes del municipio Torres en el estado Lara.<\/p>\n\n\n\n<p>El despliegue estar\u00e1 dirigido a usuarios residenciales de la Urbanizaci\u00f3n Calicanto, parroquia Trinidad Samuel de la ciudad de Carora, en el horario comprendido desde las 08:30 de la ma\u00f1ana hasta las 02:30 de la tarde.<\/p>\n\n\n\n<p>El asesoramiento comprender\u00e1 actualizaci\u00f3n de datos, notificaciones de deudas y pago de facturas por concepto del servicio el\u00e9ctrico, a trav\u00e9s de punto de venta como \u00fanico m\u00e9todo de pago autorizado.<\/p>\n\n\n\n<p>Para mayor informaci\u00f3n sobre las jornadas de atenci\u00f3n, los usuarios pueden visitar nuestras cuentas oficiales en Instagram, @corpoelecinfo y Facebook Corpoelec Informa.<\/p>\n\n\n\n<p><strong>Prensa MPPEE-Corpoelec<\/strong><\/p>\n","protected":false},"excerpt":{"rendered":"<p>Estado Lara.- Este jueves 07 de noviembre, la Corporaci\u00f3n El\u00e9ctrica Nacional (Corpoelec) despliega una jornada de atenci\u00f3n personalizada a los<\/p>\n","protected":false},"author":24,"featured_media":91327,"comment_status":"closed","ping_status":"closed","sticky":false,"template":"","format":"standard","meta":{"footnotes":""},"categories":[1,30,7],"tags":[2691,2690,11,2744,46],"class_list":["post-92327","post","type-post","status-publish","format-standard","has-post-thumbnail","hentry","category-mppee","category-regionales","category-sen","tag-corpoelec","tag-lara","tag-mppee","tag-sen","tag-venezuela"],"_links":{"self":[{"href":"https:\/\/mppee.gob.ve\/index.php?rest_route=\/wp\/v2\/posts\/92327","targetHints":{"allow":["GET"]}}],"collection":[{"href":"https:\/\/mppee.gob.ve\/index.php?rest_route=\/wp\/v2\/posts"}],"about":[{"href":"https:\/\/mppee.gob.ve\/index.php?rest_route=\/wp\/v2\/types\/post"}],"author":[{"embeddable":true,"href":"https:\/\/mppee.gob.ve\/index.php?rest_route=\/wp\/v2\/users\/24"}],"replies":[{"embeddable":true,"href":"https:\/\/mppee.gob.ve\/index.php?rest_route=%2Fwp%2Fv2%2Fcomments&post=92327"}],"version-history":[{"count":1,"href":"https:\/\/mppee.gob.ve\/index.php?rest_route=\/wp\/v2\/posts\/92327\/revisions"}],"predecessor-version":[{"id":92328,"href":"https:\/\/mppee.gob.ve\/index.php?rest_route=\/wp\/v2\/posts\/92327\/revisions\/92328"}],"wp:featuredmedia":[{"embeddable":true,"href":"https:\/\/mppee.gob.ve\/index.php?rest_route=\/wp\/v2\/media\/91327"}],"wp:attachment":[{"href":"https:\/\/mppee.gob.ve\/index.php?rest_route=%2Fwp%2Fv2%2Fmedia&parent=92327"}],"wp:term":[{"taxonomy":"category","embeddable":true,"href":"https:\/\/mppee.gob.ve\/index.php?rest_route=%2Fwp%2Fv2%2Fcategories&post=92327"},{"taxonomy":"post_tag","embeddable":true,"href":"https:\/\/mppee.gob.ve\/index.php?rest_route=%2Fwp%2Fv2%2Ftags&post=92327"}],"curies":[{"name":"wp","href":"https:\/\/api.w.org\/{rel}","templated":true}]}}