{"id":92354,"date":"2024-11-08T14:42:40","date_gmt":"2024-11-08T14:42:40","guid":{"rendered":"http:\/\/mppee.gob.ve\/?p=92354"},"modified":"2024-11-08T14:42:42","modified_gmt":"2024-11-08T14:42:42","slug":"corpoelec-despliega-jornadas-de-atencion-al-usuario-en-cojedes-3","status":"publish","type":"post","link":"https:\/\/mppee.gob.ve\/?p=92354","title":{"rendered":"Corpoelec despliega jornadas de atenci\u00f3n al usuario en Cojedes"},"content":{"rendered":"\n<p>Estado Cojedes.- El pr\u00f3ximo s\u00e1bado 09 de noviembre, la Corporaci\u00f3n El\u00e9ctrica Nacional (Corpoelec), desplegar\u00e1 Jornadas Integrales de Atenci\u00f3n al Usuario en el estado Cojedes, con el objetivo de ofrecer a los venezolanos la asesor\u00eda necesaria para realizar tr\u00e1mites relacionados con el servicio el\u00e9ctrico.<\/p>\n\n\n\n<p>Para ello, Corpoelec dispondr\u00e1 de stands a trav\u00e9s de los Centros Integrales de Atenci\u00f3n al Usuario (CIAU), donde se brindar\u00e1 asistencia a los usuarios para la actualizaci\u00f3n de datos, notificaci\u00f3n de deudas, pago de facturas, recepci\u00f3n de reclamos y orientaci\u00f3n sobre pagos mediante Banca en L\u00ednea.<\/p>\n\n\n\n<p>A continuaci\u00f3n, se detalla la ubicaci\u00f3n de los stands que estar\u00e1n disponibles en un horario comprendido desde las 8:00 AM hasta las 2:00 PM.<\/p>\n\n\n\n<ul class=\"wp-block-list\">\n<li>Urbanizaci\u00f3n Laguna Llano, parroquia San Carlos de Austria, municipio Ezequiel Zamora.<\/li>\n\n\n\n<li>Calle P\u00e1ez entre Colina y Socorro, sector Centro, parroquia Tinaquillo, municipio Tinaquillo.<\/li>\n\n\n\n<li>Sector Los Manantiales, Barrio Pueblo Nuevo, parroquia Jos\u00e9 Laurencio Silva, municipio Tinaco.<\/li>\n<\/ul>\n\n\n\n<p>Es relevante destacar que el m\u00e9todo de pago autorizado ser\u00e1 a trav\u00e9s de punto de venta.<\/p>\n\n\n\n<p>Para mayor informaci\u00f3n sobre las Jornadas Integrales de Atenci\u00f3n al Usuario, puede visitar la cuenta @corpoelecinfo en la red social Instagram.<\/p>\n\n\n\n<p>Prensa MPPEE-Corpoelec<\/p>\n","protected":false},"excerpt":{"rendered":"<p>Estado Cojedes.- El pr\u00f3ximo s\u00e1bado 09 de noviembre, la Corporaci\u00f3n El\u00e9ctrica Nacional (Corpoelec), desplegar\u00e1 Jornadas Integrales de Atenci\u00f3n al Usuario<\/p>\n","protected":false},"author":24,"featured_media":91324,"comment_status":"closed","ping_status":"closed","sticky":false,"template":"","format":"standard","meta":{"footnotes":""},"categories":[1,30,7],"tags":[2710,2691,11,2744,46],"class_list":["post-92354","post","type-post","status-publish","format-standard","has-post-thumbnail","hentry","category-mppee","category-regionales","category-sen","tag-cojedes","tag-corpoelec","tag-mppee","tag-sen","tag-venezuela"],"_links":{"self":[{"href":"https:\/\/mppee.gob.ve\/index.php?rest_route=\/wp\/v2\/posts\/92354","targetHints":{"allow":["GET"]}}],"collection":[{"href":"https:\/\/mppee.gob.ve\/index.php?rest_route=\/wp\/v2\/posts"}],"about":[{"href":"https:\/\/mppee.gob.ve\/index.php?rest_route=\/wp\/v2\/types\/post"}],"author":[{"embeddable":true,"href":"https:\/\/mppee.gob.ve\/index.php?rest_route=\/wp\/v2\/users\/24"}],"replies":[{"embeddable":true,"href":"https:\/\/mppee.gob.ve\/index.php?rest_route=%2Fwp%2Fv2%2Fcomments&post=92354"}],"version-history":[{"count":1,"href":"https:\/\/mppee.gob.ve\/index.php?rest_route=\/wp\/v2\/posts\/92354\/revisions"}],"predecessor-version":[{"id":92355,"href":"https:\/\/mppee.gob.ve\/index.php?rest_route=\/wp\/v2\/posts\/92354\/revisions\/92355"}],"wp:featuredmedia":[{"embeddable":true,"href":"https:\/\/mppee.gob.ve\/index.php?rest_route=\/wp\/v2\/media\/91324"}],"wp:attachment":[{"href":"https:\/\/mppee.gob.ve\/index.php?rest_route=%2Fwp%2Fv2%2Fmedia&parent=92354"}],"wp:term":[{"taxonomy":"category","embeddable":true,"href":"https:\/\/mppee.gob.ve\/index.php?rest_route=%2Fwp%2Fv2%2Fcategories&post=92354"},{"taxonomy":"post_tag","embeddable":true,"href":"https:\/\/mppee.gob.ve\/index.php?rest_route=%2Fwp%2Fv2%2Ftags&post=92354"}],"curies":[{"name":"wp","href":"https:\/\/api.w.org\/{rel}","templated":true}]}}