{"id":92359,"date":"2024-11-08T18:36:09","date_gmt":"2024-11-08T18:36:09","guid":{"rendered":"http:\/\/mppee.gob.ve\/?p=92359"},"modified":"2024-11-08T20:02:56","modified_gmt":"2024-11-08T20:02:56","slug":"ministro-marquez-sostuvo-dialogo-con-jubilados-del-sen","status":"publish","type":"post","link":"https:\/\/mppee.gob.ve\/?p=92359","title":{"rendered":"Ministro M\u00e1rquez sostuvo di\u00e1logo con jubilados del SEN"},"content":{"rendered":"\n<p><strong>San Bernardino, Caracas.-<\/strong> A trav\u00e9s del di\u00e1logo sincero, el ministro del Poder Popular para la Energ\u00eda El\u00e9ctrica, Jorge M\u00e1rquez, se reuni\u00f3 -este viernes- con un nutrido grupo de jubilados y jubiladas del Sistema El\u00e9ctrico Nacional (SEN) para establecer mecanismos eficientes de comunicaci\u00f3n.<\/p>\n\n\n\n<p>El encuentro que se desarroll\u00f3 en San Bernardino, ubicado en Caracas, cont\u00f3 con la participaci\u00f3n del presidente de la Corporaci\u00f3n El\u00e9ctrica Nacional (Corpoelec), Jos\u00e9 Luis Betancourt; as\u00ed como los gerentes generales de la Corporaci\u00f3n El\u00e9ctrica Nacional.<\/p>\n\n\n\n<p>El intercambio sirvi\u00f3 para reafirmar el compromiso del Ministerio del Poder Popular para la Energ\u00eda El\u00e9ctrica (MPPEE) y Corpoelec con el personal jubilado, cuya historia es testimonio fiel del compromiso inquebrantable de los trabajadores y las trabajadoras con la excelencia en el sector el\u00e9ctrico.<\/p>\n\n\n\n<p><strong>Prensa MPPEE &#8211; Corpoelec<\/strong><\/p>\n","protected":false},"excerpt":{"rendered":"<p>San Bernardino, Caracas.- A trav\u00e9s del di\u00e1logo sincero, el ministro del Poder Popular para la Energ\u00eda El\u00e9ctrica, Jorge M\u00e1rquez, se<\/p>\n","protected":false},"author":24,"featured_media":92367,"comment_status":"closed","ping_status":"closed","sticky":false,"template":"","format":"standard","meta":{"footnotes":""},"categories":[1,15,7],"tags":[2691,2775,2744],"class_list":["post-92359","post","type-post","status-publish","format-standard","has-post-thumbnail","hentry","category-mppee","category-nacionales","category-sen","tag-corpoelec","tag-jubilados","tag-sen"],"_links":{"self":[{"href":"https:\/\/mppee.gob.ve\/index.php?rest_route=\/wp\/v2\/posts\/92359","targetHints":{"allow":["GET"]}}],"collection":[{"href":"https:\/\/mppee.gob.ve\/index.php?rest_route=\/wp\/v2\/posts"}],"about":[{"href":"https:\/\/mppee.gob.ve\/index.php?rest_route=\/wp\/v2\/types\/post"}],"author":[{"embeddable":true,"href":"https:\/\/mppee.gob.ve\/index.php?rest_route=\/wp\/v2\/users\/24"}],"replies":[{"embeddable":true,"href":"https:\/\/mppee.gob.ve\/index.php?rest_route=%2Fwp%2Fv2%2Fcomments&post=92359"}],"version-history":[{"count":3,"href":"https:\/\/mppee.gob.ve\/index.php?rest_route=\/wp\/v2\/posts\/92359\/revisions"}],"predecessor-version":[{"id":92369,"href":"https:\/\/mppee.gob.ve\/index.php?rest_route=\/wp\/v2\/posts\/92359\/revisions\/92369"}],"wp:featuredmedia":[{"embeddable":true,"href":"https:\/\/mppee.gob.ve\/index.php?rest_route=\/wp\/v2\/media\/92367"}],"wp:attachment":[{"href":"https:\/\/mppee.gob.ve\/index.php?rest_route=%2Fwp%2Fv2%2Fmedia&parent=92359"}],"wp:term":[{"taxonomy":"category","embeddable":true,"href":"https:\/\/mppee.gob.ve\/index.php?rest_route=%2Fwp%2Fv2%2Fcategories&post=92359"},{"taxonomy":"post_tag","embeddable":true,"href":"https:\/\/mppee.gob.ve\/index.php?rest_route=%2Fwp%2Fv2%2Ftags&post=92359"}],"curies":[{"name":"wp","href":"https:\/\/api.w.org\/{rel}","templated":true}]}}