{"id":92378,"date":"2024-11-09T15:32:22","date_gmt":"2024-11-09T15:32:22","guid":{"rendered":"http:\/\/mppee.gob.ve\/?p=92378"},"modified":"2024-11-09T15:32:25","modified_gmt":"2024-11-09T15:32:25","slug":"instalacion-de-luminarias-beneficia-a-mas-de-10-mil-larenses","status":"publish","type":"post","link":"https:\/\/mppee.gob.ve\/?p=92378","title":{"rendered":"Instalaci\u00f3n de luminarias beneficia a m\u00e1s de 10 mil larenses"},"content":{"rendered":"\n<p><strong>Estado Lara.-<\/strong> Para beneficiar a m\u00e1s de 10 mil habitantes, la clase trabajadora de la Corporaci\u00f3n El\u00e9ctrica Nacional (Corpoelec) instal\u00f3 2 mil luminarias de alta tecnolog\u00eda en veinti\u00fan parroquias de Lara.<\/p>\n\n\n\n<p>Esta instalaci\u00f3n se realiz\u00f3 como parte de las respuestas a las solicitudes registradas por el Poder Popular organizado a trav\u00e9s del 1&#215;10 del Buen Gobierno<\/p>\n\n\n\n<p>Las labores contemplaron la activaci\u00f3n de puntos de iluminaci\u00f3n blanca tipo led, con l\u00e1mparas de 150\u202fW en las parroquias P\u00edo Tamayo (Andr\u00e9s Eloy Blanco), Bol\u00edvar (Mor\u00e1n), Jos\u00e9 Mar\u00eda Blanco y Freitez (Crespo), Cabudare, Jos\u00e9 Gregorio Bastidas y Agua Viva (Palavecino), Gustavo Vegas Le\u00f3n y Sarare (Sim\u00f3n Planas).<\/p>\n\n\n\n<p>Igualmente, las tareas de iluminaci\u00f3n abarcaron las parroquias Juan Bautista Rodr\u00edguez (Jim\u00e9nez), Trinidad Samuel y Cecilio Zubillaga (Torres), Siquisique y Moroturo (Urdaneta), Concepci\u00f3n, Santa Rosa, Tamaca, Cuj\u00ed, Ana Soto y Aguedo Felipe Alvarado en (Iribarren).<\/p>\n\n\n\n<p>Estas acciones forman parte del Plan Integral de Iluminaci\u00f3n de V\u00edas Expresas, que adelanta el Gobierno Nacional a trav\u00e9s del Ministerio el Poder Popular para la Energ\u00eda El\u00e9ctrica (MPPEE), a fin de garantizar bienestar al pueblo venezolano.<\/p>\n\n\n\n<p><strong>Prensa MPPEE-Corpoelec<\/strong><\/p>\n","protected":false},"excerpt":{"rendered":"<p>Estado Lara.- Para beneficiar a m\u00e1s de 10 mil habitantes, la clase trabajadora de la Corporaci\u00f3n El\u00e9ctrica Nacional (Corpoelec) instal\u00f3<\/p>\n","protected":false},"author":24,"featured_media":92379,"comment_status":"closed","ping_status":"closed","sticky":false,"template":"","format":"standard","meta":{"footnotes":""},"categories":[1,30,7],"tags":[2691,2690,11,2744,46],"class_list":["post-92378","post","type-post","status-publish","format-standard","has-post-thumbnail","hentry","category-mppee","category-regionales","category-sen","tag-corpoelec","tag-lara","tag-mppee","tag-sen","tag-venezuela"],"_links":{"self":[{"href":"https:\/\/mppee.gob.ve\/index.php?rest_route=\/wp\/v2\/posts\/92378","targetHints":{"allow":["GET"]}}],"collection":[{"href":"https:\/\/mppee.gob.ve\/index.php?rest_route=\/wp\/v2\/posts"}],"about":[{"href":"https:\/\/mppee.gob.ve\/index.php?rest_route=\/wp\/v2\/types\/post"}],"author":[{"embeddable":true,"href":"https:\/\/mppee.gob.ve\/index.php?rest_route=\/wp\/v2\/users\/24"}],"replies":[{"embeddable":true,"href":"https:\/\/mppee.gob.ve\/index.php?rest_route=%2Fwp%2Fv2%2Fcomments&post=92378"}],"version-history":[{"count":1,"href":"https:\/\/mppee.gob.ve\/index.php?rest_route=\/wp\/v2\/posts\/92378\/revisions"}],"predecessor-version":[{"id":92380,"href":"https:\/\/mppee.gob.ve\/index.php?rest_route=\/wp\/v2\/posts\/92378\/revisions\/92380"}],"wp:featuredmedia":[{"embeddable":true,"href":"https:\/\/mppee.gob.ve\/index.php?rest_route=\/wp\/v2\/media\/92379"}],"wp:attachment":[{"href":"https:\/\/mppee.gob.ve\/index.php?rest_route=%2Fwp%2Fv2%2Fmedia&parent=92378"}],"wp:term":[{"taxonomy":"category","embeddable":true,"href":"https:\/\/mppee.gob.ve\/index.php?rest_route=%2Fwp%2Fv2%2Fcategories&post=92378"},{"taxonomy":"post_tag","embeddable":true,"href":"https:\/\/mppee.gob.ve\/index.php?rest_route=%2Fwp%2Fv2%2Ftags&post=92378"}],"curies":[{"name":"wp","href":"https:\/\/api.w.org\/{rel}","templated":true}]}}