{"id":92385,"date":"2024-11-09T16:55:12","date_gmt":"2024-11-09T16:55:12","guid":{"rendered":"http:\/\/mppee.gob.ve\/?p=92385"},"modified":"2024-11-09T16:55:14","modified_gmt":"2024-11-09T16:55:14","slug":"ministro-marquez-sostiene-reunion-con-gerentes-de-distribucion-de-corpoelec","status":"publish","type":"post","link":"https:\/\/mppee.gob.ve\/?p=92385","title":{"rendered":"Ministro M\u00e1rquez sostiene reuni\u00f3n con gerentes de Distribuci\u00f3n de Corpoelec"},"content":{"rendered":"\n<p><strong>San Bernardino, Caracas.-<\/strong> En aras de trazar acciones efectivas que fortalezcan la prestaci\u00f3n del servicio el\u00e9ctrico, el ministro del Poder Popular para la Energ\u00eda El\u00e9ctrica, Jorge M\u00e1rquez, sostiene -este s\u00e1bado- reuni\u00f3n con gerentes de Distribuci\u00f3n de la Corporaci\u00f3n El\u00e9ctrica Nacional (Corpoelec) de los 23 estados del pa\u00eds.<\/p>\n\n\n\n<p>El encuentro que se realiza en la sala Hugo Ch\u00e1vez de la sede del Ministerio del Poder Popular para la Energ\u00eda El\u00e9ctrica (MPPEE), ubicado en San Bernardino, aborda estrategias que tributen a elevar los niveles de eficiencia, as\u00ed como la capacidad de respuesta en la atenci\u00f3n de las solicitudes del Poder Popular.<\/p>\n\n\n\n<p>El di\u00e1logo que cuenta con la participaci\u00f3n del presidente de Corpoelec, Jos\u00e9 Luis Betancourt, aborda igualmente mecanismos de articulaci\u00f3n para optimizar la atenci\u00f3n del 1&#215;10 del Buen Gobierno, los circuitos comunales y Mesas T\u00e9cnicas de Energ\u00eda.<\/p>\n\n\n\n<p>El perfeccionamiento de los m\u00e9todos de trabajo destinados a la prestaci\u00f3n de servicios p\u00fablicos, particularmente la electricidad, es una orientaci\u00f3n del presidente de la Rep\u00fablica, Nicol\u00e1s Maduro, quien ha llamado permanentemente a profundizar la capacidad de acci\u00f3n en consonancia con las demandas del Poder Popular.<\/p>\n\n\n\n<p>En esa l\u00ednea, a trav\u00e9s de Corpoelec, el Ministerio del Poder Popular para la Energ\u00eda El\u00e9ctrica avanza en la definici\u00f3n de pol\u00edticas que garanticen la estabilidad y continuidad de la energ\u00eda el\u00e9ctrica.<\/p>\n\n\n\n<p><strong>Prensa MPPEE &#8211; Corpoelec<\/strong><\/p>\n","protected":false},"excerpt":{"rendered":"<p>San Bernardino, Caracas.- En aras de trazar acciones efectivas que fortalezcan la prestaci\u00f3n del servicio el\u00e9ctrico, el ministro del Poder<\/p>\n","protected":false},"author":24,"featured_media":92386,"comment_status":"closed","ping_status":"closed","sticky":false,"template":"","format":"standard","meta":{"footnotes":""},"categories":[1,15,7],"tags":[2691,2777,2705,2763,2752],"class_list":["post-92385","post","type-post","status-publish","format-standard","has-post-thumbnail","hentry","category-mppee","category-nacionales","category-sen","tag-corpoelec","tag-distribucion","tag-electricidad","tag-jorge-marquez","tag-servicio"],"_links":{"self":[{"href":"https:\/\/mppee.gob.ve\/index.php?rest_route=\/wp\/v2\/posts\/92385","targetHints":{"allow":["GET"]}}],"collection":[{"href":"https:\/\/mppee.gob.ve\/index.php?rest_route=\/wp\/v2\/posts"}],"about":[{"href":"https:\/\/mppee.gob.ve\/index.php?rest_route=\/wp\/v2\/types\/post"}],"author":[{"embeddable":true,"href":"https:\/\/mppee.gob.ve\/index.php?rest_route=\/wp\/v2\/users\/24"}],"replies":[{"embeddable":true,"href":"https:\/\/mppee.gob.ve\/index.php?rest_route=%2Fwp%2Fv2%2Fcomments&post=92385"}],"version-history":[{"count":1,"href":"https:\/\/mppee.gob.ve\/index.php?rest_route=\/wp\/v2\/posts\/92385\/revisions"}],"predecessor-version":[{"id":92387,"href":"https:\/\/mppee.gob.ve\/index.php?rest_route=\/wp\/v2\/posts\/92385\/revisions\/92387"}],"wp:featuredmedia":[{"embeddable":true,"href":"https:\/\/mppee.gob.ve\/index.php?rest_route=\/wp\/v2\/media\/92386"}],"wp:attachment":[{"href":"https:\/\/mppee.gob.ve\/index.php?rest_route=%2Fwp%2Fv2%2Fmedia&parent=92385"}],"wp:term":[{"taxonomy":"category","embeddable":true,"href":"https:\/\/mppee.gob.ve\/index.php?rest_route=%2Fwp%2Fv2%2Fcategories&post=92385"},{"taxonomy":"post_tag","embeddable":true,"href":"https:\/\/mppee.gob.ve\/index.php?rest_route=%2Fwp%2Fv2%2Ftags&post=92385"}],"curies":[{"name":"wp","href":"https:\/\/api.w.org\/{rel}","templated":true}]}}