{"id":92388,"date":"2024-11-09T17:37:37","date_gmt":"2024-11-09T17:37:37","guid":{"rendered":"http:\/\/mppee.gob.ve\/?p=92388"},"modified":"2024-11-09T17:37:40","modified_gmt":"2024-11-09T17:37:40","slug":"equipos-operativos-de-corpoelec-afinan-estrategias-para-optimizar-la-prestacion-del-servicio-electrico","status":"publish","type":"post","link":"https:\/\/mppee.gob.ve\/?p=92388","title":{"rendered":"Equipos operativos de Corpoelec afinan estrategias para optimizar la prestaci\u00f3n del servicio el\u00e9ctrico"},"content":{"rendered":"\n<p><strong>San Bernardino, Caracas.-<\/strong> Como parte de las acciones que adelanta el Gobierno Nacional para afinar estrategias que tributen al fortalecimiento del Sistema El\u00e9ctrico Nacional (SEN), el ministro del Poder Popular para la Energ\u00eda El\u00e9ctrica, Jorge M\u00e1rquez, sostuvo una reuni\u00f3n con los equipos operativos de la Corporaci\u00f3n El\u00e9ctrica Nacional (Corpoelec).<\/p>\n\n\n\n<p>Desde la sala Hugo Ch\u00e1vez, ubicada en la Torre Ministerial en San Bernardino, M\u00e1rquez abord\u00f3 l\u00edneas de trabajo orientadas a optimizar la prestaci\u00f3n del servicio en el territorio, as\u00ed como tambi\u00e9n la necesidad de sumar esfuerzos para repotenciar las infraestructuras que integran el SEN.<\/p>\n\n\n\n<p>En la reuni\u00f3n estuvieron presentes Juan Fern\u00e1ndez, gerente general de Transmisi\u00f3n; Luis Infante, gerente general de Distribuci\u00f3n; Abraham Chirinos, gerente general de Programaci\u00f3n y Control de Vegetaci\u00f3n (PCV) y Fuentes Alternativas y Uso Racional y Eficiente de la Energ\u00eda (Fauree); Juan Romero, gerente general de Generaci\u00f3n Termoel\u00e9ctrica, Viceministros, entre otras autoridades regionales.<\/p>\n\n\n\n<p>En reiteradas ocasiones, el presidente de la Rep\u00fablica Bolivariana de Venezuela, Nicol\u00e1s Maduro, ha solicitado la ejecuci\u00f3n de planes para resguardar las instalaciones el\u00e9ctricas del pa\u00eds, dados los constantes ataques perpetrados por los sectores de la ultraderecha.<\/p>\n\n\n\n<p>Ante ello, la clase trabajadora del sector el\u00e9ctrico se mantiene en la primera l\u00ednea de batalla para garantizar el correcto funcionamiento de los procesos de generaci\u00f3n, transmisi\u00f3n y distribuci\u00f3n de la energ\u00eda el\u00e9ctrica.<\/p>\n\n\n\n<p><strong>Prensa MPPEE-Corpoelec \/ Joelin Jim\u00e9nez<\/strong><\/p>\n\n\n\n<p><\/p>\n","protected":false},"excerpt":{"rendered":"<p>San Bernardino, Caracas.- Como parte de las acciones que adelanta el Gobierno Nacional para afinar estrategias que tributen al fortalecimiento<\/p>\n","protected":false},"author":24,"featured_media":92389,"comment_status":"closed","ping_status":"closed","sticky":false,"template":"","format":"standard","meta":{"footnotes":""},"categories":[1,15,7],"tags":[2691,11,2744,46],"class_list":["post-92388","post","type-post","status-publish","format-standard","has-post-thumbnail","hentry","category-mppee","category-nacionales","category-sen","tag-corpoelec","tag-mppee","tag-sen","tag-venezuela"],"_links":{"self":[{"href":"https:\/\/mppee.gob.ve\/index.php?rest_route=\/wp\/v2\/posts\/92388","targetHints":{"allow":["GET"]}}],"collection":[{"href":"https:\/\/mppee.gob.ve\/index.php?rest_route=\/wp\/v2\/posts"}],"about":[{"href":"https:\/\/mppee.gob.ve\/index.php?rest_route=\/wp\/v2\/types\/post"}],"author":[{"embeddable":true,"href":"https:\/\/mppee.gob.ve\/index.php?rest_route=\/wp\/v2\/users\/24"}],"replies":[{"embeddable":true,"href":"https:\/\/mppee.gob.ve\/index.php?rest_route=%2Fwp%2Fv2%2Fcomments&post=92388"}],"version-history":[{"count":1,"href":"https:\/\/mppee.gob.ve\/index.php?rest_route=\/wp\/v2\/posts\/92388\/revisions"}],"predecessor-version":[{"id":92390,"href":"https:\/\/mppee.gob.ve\/index.php?rest_route=\/wp\/v2\/posts\/92388\/revisions\/92390"}],"wp:featuredmedia":[{"embeddable":true,"href":"https:\/\/mppee.gob.ve\/index.php?rest_route=\/wp\/v2\/media\/92389"}],"wp:attachment":[{"href":"https:\/\/mppee.gob.ve\/index.php?rest_route=%2Fwp%2Fv2%2Fmedia&parent=92388"}],"wp:term":[{"taxonomy":"category","embeddable":true,"href":"https:\/\/mppee.gob.ve\/index.php?rest_route=%2Fwp%2Fv2%2Fcategories&post=92388"},{"taxonomy":"post_tag","embeddable":true,"href":"https:\/\/mppee.gob.ve\/index.php?rest_route=%2Fwp%2Fv2%2Ftags&post=92388"}],"curies":[{"name":"wp","href":"https:\/\/api.w.org\/{rel}","templated":true}]}}