{"id":92437,"date":"2024-11-12T18:19:43","date_gmt":"2024-11-12T18:19:43","guid":{"rendered":"http:\/\/mppee.gob.ve\/?p=92437"},"modified":"2024-11-12T18:19:45","modified_gmt":"2024-11-12T18:19:45","slug":"corpoelec-despliega-jornada-de-atencion-a-usuarios-residenciales-en-lara-2","status":"publish","type":"post","link":"https:\/\/mppee.gob.ve\/?p=92437","title":{"rendered":"Corpoelec despliega jornada de atenci\u00f3n a usuarios residenciales en Lara\u00a0"},"content":{"rendered":"\n<p><strong>Estado Lara.-<\/strong> Los trabajadores de la Corporaci\u00f3n El\u00e9ctrica Nacional (Corpoelec), adscritos a la Gerencia de Comercializaci\u00f3n, desplegar\u00e1n jornadas integrales este mi\u00e9rcoles 13 y s\u00e1bado 16 de noviembre, con el prop\u00f3sito de atender los requerimientos de los usuarios residenciales en el estado Lara.<\/p>\n\n\n\n<p>Las jornadas personalizadas ofrecer\u00e1n a los usuarios residenciales asesor\u00edas en la actualizaci\u00f3n de datos, formalizaci\u00f3n de nuevas cuentas contrato, notificaci\u00f3n de deudas y pago de facturas mediante el punto de venta como \u00fanico m\u00e9todo de pago autorizado.<\/p>\n\n\n\n<p>Al respecto, el mi\u00e9rcoles 13 de noviembre los puntos m\u00f3viles estar\u00e1n ubicados en el Conjunto Residencial Cristal del Centro Comercial Cristal, avenida Florencio Jim\u00e9nez, municipio Iribarren en el horario comprendido entre las 10:00 de la ma\u00f1ana a 12:00 del mediod\u00eda.<\/p>\n\n\n\n<p>Asimismo, en el municipio Torres, la jornada tendr\u00e1 lugar en la Urbanizaci\u00f3n Calicanto, parroquia Trinidad Samuel de la ciudad de Carora, desde las 08:30 de la ma\u00f1ana hasta las 02:30 de la tarde.<\/p>\n\n\n\n<p>Mientras que, el s\u00e1bado 16 de noviembre estar\u00e1n ubicados en la jefatura de la comunidad de R\u00edo Claro y todos los Centros Integrales de Atenci\u00f3n al Usuario (CIAU) en los municipios Iribarren, Jim\u00e9nez, Andr\u00e9s Eloy Blanco, Mor\u00e1n, Torres, Crespo, Sim\u00f3n Planas y Palavecino, desde las 08:00 de la ma\u00f1ana hasta las 02:00 de la tarde.<\/p>\n\n\n\n<p>Para mayor informaci\u00f3n sobre las jornadas de atenci\u00f3n, los usuarios pueden visitar nuestras cuentas oficiales en Instagram, @corpoelecinfo y Facebook Corpoelec Informa.<\/p>\n\n\n\n<p>Prensa MPPEE-Corpoelec<\/p>\n","protected":false},"excerpt":{"rendered":"<p>Estado Lara.- Los trabajadores de la Corporaci\u00f3n El\u00e9ctrica Nacional (Corpoelec), adscritos a la Gerencia de Comercializaci\u00f3n, desplegar\u00e1n jornadas integrales este<\/p>\n","protected":false},"author":24,"featured_media":91330,"comment_status":"closed","ping_status":"closed","sticky":false,"template":"","format":"standard","meta":{"footnotes":""},"categories":[1,30,7],"tags":[2691,2690,11,2744,46],"class_list":["post-92437","post","type-post","status-publish","format-standard","has-post-thumbnail","hentry","category-mppee","category-regionales","category-sen","tag-corpoelec","tag-lara","tag-mppee","tag-sen","tag-venezuela"],"_links":{"self":[{"href":"https:\/\/mppee.gob.ve\/index.php?rest_route=\/wp\/v2\/posts\/92437","targetHints":{"allow":["GET"]}}],"collection":[{"href":"https:\/\/mppee.gob.ve\/index.php?rest_route=\/wp\/v2\/posts"}],"about":[{"href":"https:\/\/mppee.gob.ve\/index.php?rest_route=\/wp\/v2\/types\/post"}],"author":[{"embeddable":true,"href":"https:\/\/mppee.gob.ve\/index.php?rest_route=\/wp\/v2\/users\/24"}],"replies":[{"embeddable":true,"href":"https:\/\/mppee.gob.ve\/index.php?rest_route=%2Fwp%2Fv2%2Fcomments&post=92437"}],"version-history":[{"count":1,"href":"https:\/\/mppee.gob.ve\/index.php?rest_route=\/wp\/v2\/posts\/92437\/revisions"}],"predecessor-version":[{"id":92438,"href":"https:\/\/mppee.gob.ve\/index.php?rest_route=\/wp\/v2\/posts\/92437\/revisions\/92438"}],"wp:featuredmedia":[{"embeddable":true,"href":"https:\/\/mppee.gob.ve\/index.php?rest_route=\/wp\/v2\/media\/91330"}],"wp:attachment":[{"href":"https:\/\/mppee.gob.ve\/index.php?rest_route=%2Fwp%2Fv2%2Fmedia&parent=92437"}],"wp:term":[{"taxonomy":"category","embeddable":true,"href":"https:\/\/mppee.gob.ve\/index.php?rest_route=%2Fwp%2Fv2%2Fcategories&post=92437"},{"taxonomy":"post_tag","embeddable":true,"href":"https:\/\/mppee.gob.ve\/index.php?rest_route=%2Fwp%2Fv2%2Ftags&post=92437"}],"curies":[{"name":"wp","href":"https:\/\/api.w.org\/{rel}","templated":true}]}}