{"id":92475,"date":"2024-11-14T14:01:22","date_gmt":"2024-11-14T14:01:22","guid":{"rendered":"http:\/\/mppee.gob.ve\/?p=92475"},"modified":"2024-11-14T14:01:26","modified_gmt":"2024-11-14T14:01:26","slug":"corpoelec-y-poder-popular-debaten-ejecucion-de-proyectos-de-energia-electrica","status":"publish","type":"post","link":"https:\/\/mppee.gob.ve\/?p=92475","title":{"rendered":"Corpoelec y Poder Popular debaten ejecuci\u00f3n de proyectos de energ\u00eda el\u00e9ctrica"},"content":{"rendered":"\n<p><strong>Estado Zulia.- <\/strong>Con el prop\u00f3sito de avanzar en la consolidaci\u00f3n de proyectos en materia de energ\u00eda el\u00e9ctrica, la Corporaci\u00f3n El\u00e9ctrica Nacional (Corpoelec) y 21 comunas del municipio Cabimas del estado Zulia, debatieron propuestas realizadas por el Poder Popular, en aras de ejecutar las propuestas en beneficio de las comunidades.<\/p>\n\n\n\n<p>La jornada de trabajo permiti\u00f3 sentar las bases para el levantamiento de informaci\u00f3n y recolecci\u00f3n de las principales necesidades, adem\u00e1s de identificar y tomar decisiones que tributen al desarrollo de la comunidad.<\/p>\n\n\n\n<p>En este sentido, la Gerencia de Desarrollo Social de Corpoelec, brind\u00f3 asesoramiento y acompa\u00f1amiento a 25 l\u00edderes, para concretar las propuestas realizadas.<\/p>\n\n\n\n<p>La actividad tambi\u00e9n permiti\u00f3 promover el programa ConoSEN, el cual explica de manera detallada todo lo relacionado con el sistema el\u00e9ctrico a escala nacional, desde la generaci\u00f3n hasta la distribuci\u00f3n de la energ\u00eda que llega a los hogares del pa\u00eds.<\/p>\n\n\n\n<p>Participaron en la jornada las comunas de las parroquias Germ\u00e1n R\u00edos Linares, Ambrosio, Carmen Herrera, La Rosa, San Benito, Miguel Lara, Jorge Hern\u00e1ndez, R\u00f3mulo Betancourt y Punta Gorda del municipio Cabimas.<\/p>\n\n\n\n<p>La estatal el\u00e9ctrica brinda acompa\u00f1amiento y asesor\u00eda t\u00e9cnica a las comunidades organizadas, a fin de garantizar bienestar a la poblaci\u00f3n y fortalecer el servicio el\u00e9ctrico en el territorio.<\/p>\n\n\n\n<p><strong>Prensa MPPEE-Corpoelec<\/strong><\/p>\n\n\n\n<p><\/p>\n","protected":false},"excerpt":{"rendered":"<p>Estado Zulia.- Con el prop\u00f3sito de avanzar en la consolidaci\u00f3n de proyectos en materia de energ\u00eda el\u00e9ctrica, la Corporaci\u00f3n El\u00e9ctrica<\/p>\n","protected":false},"author":24,"featured_media":92476,"comment_status":"closed","ping_status":"closed","sticky":false,"template":"","format":"standard","meta":{"footnotes":""},"categories":[1,30,7],"tags":[2691,11,2744,46,2694],"class_list":["post-92475","post","type-post","status-publish","format-standard","has-post-thumbnail","hentry","category-mppee","category-regionales","category-sen","tag-corpoelec","tag-mppee","tag-sen","tag-venezuela","tag-zulia"],"_links":{"self":[{"href":"https:\/\/mppee.gob.ve\/index.php?rest_route=\/wp\/v2\/posts\/92475","targetHints":{"allow":["GET"]}}],"collection":[{"href":"https:\/\/mppee.gob.ve\/index.php?rest_route=\/wp\/v2\/posts"}],"about":[{"href":"https:\/\/mppee.gob.ve\/index.php?rest_route=\/wp\/v2\/types\/post"}],"author":[{"embeddable":true,"href":"https:\/\/mppee.gob.ve\/index.php?rest_route=\/wp\/v2\/users\/24"}],"replies":[{"embeddable":true,"href":"https:\/\/mppee.gob.ve\/index.php?rest_route=%2Fwp%2Fv2%2Fcomments&post=92475"}],"version-history":[{"count":1,"href":"https:\/\/mppee.gob.ve\/index.php?rest_route=\/wp\/v2\/posts\/92475\/revisions"}],"predecessor-version":[{"id":92477,"href":"https:\/\/mppee.gob.ve\/index.php?rest_route=\/wp\/v2\/posts\/92475\/revisions\/92477"}],"wp:featuredmedia":[{"embeddable":true,"href":"https:\/\/mppee.gob.ve\/index.php?rest_route=\/wp\/v2\/media\/92476"}],"wp:attachment":[{"href":"https:\/\/mppee.gob.ve\/index.php?rest_route=%2Fwp%2Fv2%2Fmedia&parent=92475"}],"wp:term":[{"taxonomy":"category","embeddable":true,"href":"https:\/\/mppee.gob.ve\/index.php?rest_route=%2Fwp%2Fv2%2Fcategories&post=92475"},{"taxonomy":"post_tag","embeddable":true,"href":"https:\/\/mppee.gob.ve\/index.php?rest_route=%2Fwp%2Fv2%2Ftags&post=92475"}],"curies":[{"name":"wp","href":"https:\/\/api.w.org\/{rel}","templated":true}]}}