{"id":92512,"date":"2024-11-15T21:16:27","date_gmt":"2024-11-15T21:16:27","guid":{"rendered":"http:\/\/mppee.gob.ve\/?p=92512"},"modified":"2024-11-15T21:16:29","modified_gmt":"2024-11-15T21:16:29","slug":"usuarios-de-cojedes-seran-atendidos-con-jornadas-integrales","status":"publish","type":"post","link":"https:\/\/mppee.gob.ve\/?p=92512","title":{"rendered":"Usuarios de Cojedes ser\u00e1n atendidos con jornadas integrales"},"content":{"rendered":"\n<p><strong>Estado Cojedes.<\/strong>&#8211; La Corporaci\u00f3n El\u00e9ctrica Nacional (Corpoelec) realizar\u00e1 Jornadas Integrales de Atenci\u00f3n al Usuario, este s\u00e1bado 16 de noviembre en el estado Cojedes, con el prop\u00f3sito ofrecer a los ciudadanos la orientaci\u00f3n necesaria para realizar diversos tr\u00e1mites relacionados con el servicio el\u00e9ctrico.<\/p>\n\n\n\n<p>Para ello, Corpoelec dispondr\u00e1 de stands a trav\u00e9s de los Centros Integrales de Atenci\u00f3n al Usuario (CIAU), donde se ofrecer\u00e1 asistencia para la actualizaci\u00f3n de datos, notificaci\u00f3n de deudas, pago de facturas, recepci\u00f3n de reclamos y asesor\u00eda sobre pagos a trav\u00e9s de Banca en L\u00ednea.<\/p>\n\n\n\n<p>A continuaci\u00f3n, se detalla la ubicaci\u00f3n de los stands que estar\u00e1n disponibles en un horario comprendido desde las 8:00 de la ma\u00f1ana hasta las 2:00 de la tarde.<\/p>\n\n\n\n<ul class=\"wp-block-list\">\n<li>Urbanizaci\u00f3n H\u00e1bitat 93, parroquia San Carlos de Austria, municipio Ezequiel Zamora.<\/li>\n\n\n\n<li>Sector Buenos Aires, parroquia Tinaquillo, municipio Tinaquillo.<\/li>\n\n\n\n<li>Sector Menca de Leoni, parroquia Jos\u00e9 Laurencio Silva, municipio Tinaco.<\/li>\n<\/ul>\n\n\n\n<p>El \u00fanico m\u00e9todo de pago autorizado ser\u00e1 punto de venta.<\/p>\n\n\n\n<p>Para mayor informaci\u00f3n sobre las Jornadas Integrales de Atenci\u00f3n al Usuario, puede visitar la cuenta @corpoelecinfo en la red social Instagram.<\/p>\n\n\n\n<p><strong>Prensa MPPEE-Corpoelec<\/strong><\/p>\n","protected":false},"excerpt":{"rendered":"<p>Estado Cojedes.&#8211; La Corporaci\u00f3n El\u00e9ctrica Nacional (Corpoelec) realizar\u00e1 Jornadas Integrales de Atenci\u00f3n al Usuario, este s\u00e1bado 16 de noviembre en<\/p>\n","protected":false},"author":24,"featured_media":91160,"comment_status":"closed","ping_status":"closed","sticky":false,"template":"","format":"standard","meta":{"footnotes":""},"categories":[1,30,7],"tags":[2710,2691,11,2744,46],"class_list":["post-92512","post","type-post","status-publish","format-standard","has-post-thumbnail","hentry","category-mppee","category-regionales","category-sen","tag-cojedes","tag-corpoelec","tag-mppee","tag-sen","tag-venezuela"],"_links":{"self":[{"href":"https:\/\/mppee.gob.ve\/index.php?rest_route=\/wp\/v2\/posts\/92512","targetHints":{"allow":["GET"]}}],"collection":[{"href":"https:\/\/mppee.gob.ve\/index.php?rest_route=\/wp\/v2\/posts"}],"about":[{"href":"https:\/\/mppee.gob.ve\/index.php?rest_route=\/wp\/v2\/types\/post"}],"author":[{"embeddable":true,"href":"https:\/\/mppee.gob.ve\/index.php?rest_route=\/wp\/v2\/users\/24"}],"replies":[{"embeddable":true,"href":"https:\/\/mppee.gob.ve\/index.php?rest_route=%2Fwp%2Fv2%2Fcomments&post=92512"}],"version-history":[{"count":1,"href":"https:\/\/mppee.gob.ve\/index.php?rest_route=\/wp\/v2\/posts\/92512\/revisions"}],"predecessor-version":[{"id":92513,"href":"https:\/\/mppee.gob.ve\/index.php?rest_route=\/wp\/v2\/posts\/92512\/revisions\/92513"}],"wp:featuredmedia":[{"embeddable":true,"href":"https:\/\/mppee.gob.ve\/index.php?rest_route=\/wp\/v2\/media\/91160"}],"wp:attachment":[{"href":"https:\/\/mppee.gob.ve\/index.php?rest_route=%2Fwp%2Fv2%2Fmedia&parent=92512"}],"wp:term":[{"taxonomy":"category","embeddable":true,"href":"https:\/\/mppee.gob.ve\/index.php?rest_route=%2Fwp%2Fv2%2Fcategories&post=92512"},{"taxonomy":"post_tag","embeddable":true,"href":"https:\/\/mppee.gob.ve\/index.php?rest_route=%2Fwp%2Fv2%2Ftags&post=92512"}],"curies":[{"name":"wp","href":"https:\/\/api.w.org\/{rel}","templated":true}]}}