{"id":92528,"date":"2024-11-16T17:42:38","date_gmt":"2024-11-16T17:42:38","guid":{"rendered":"http:\/\/mppee.gob.ve\/?p=92528"},"modified":"2024-11-16T21:59:21","modified_gmt":"2024-11-16T21:59:21","slug":"92528","status":"publish","type":"post","link":"https:\/\/mppee.gob.ve\/?p=92528","title":{"rendered":"En las pr\u00f3ximas horas se normalizar\u00e1 generaci\u00f3n termoel\u00e9ctrica en Nueva Esparta"},"content":{"rendered":"\n<p><strong> Estado Nueva Esparta.- <\/strong>El ministro del Poder Popular para la Energ\u00eda El\u00e9ctrica, Jorge M\u00e1rquez, inform\u00f3 que en las pr\u00f3ximas horas ser\u00e1 restituido el suministro de gas a las plantas termoel\u00e9ctricas del estado Nueva Esparta, que fue afectado por la explosi\u00f3n en la planta gas\u00edfera Muscar, producto de un ataque terrorista el pasado domingo. <\/p>\n\n\n\n<p>\u201cEn las pr\u00f3ximas horas se va a restituir el env\u00edo de gas para que nuestras plantas se puedan reactivar y podamos generar el servicio el\u00e9ctrico que requiere el estado. Ya estamos tomando acciones, preparando los equipos para cuando empiece el bombeo y el suministro de esta fuente primaria como lo es el gas\u201d, detall\u00f3 en rueda de prensa desde la sede administrativa de la Corporaci\u00f3n El\u00e9ctrica Nacional (CORPOELEC) en la entidad oriental. <\/p>\n\n\n\n<p>El tambi\u00e9n Vicepresidente Sectorial de Obras P\u00fablicas y Servicios, se\u00f1al\u00f3 como autora intelectual del ataque a la planta Muscar a la representante de la ultra derecha, Mar\u00eda Corina Machado. <\/p>\n\n\n\n<p>\u201cEl pasado domingo nuestra planta de gas Muscar, en el estado Monagas, sufri\u00f3 un ataque terrorista lo cual produjo una interrupci\u00f3n en el suministro de gas a las plantas de energ\u00eda el\u00e9ctrica que surten al estado Nueva Esparta. Este ataque terrorista tiene nombre y apellido, lleva el sello y la etiqueta de Mar\u00eda Corina Machado y sus banditas, sus comanditos, y han generado malestar\u201d, enfatiz\u00f3. <\/p>\n\n\n\n<p>Asimismo, el ministro M\u00e1rquez cuestion\u00f3 las declaraciones emitidas recientemente por el presidente de la Federaci\u00f3n de C\u00e1maras y Asociaciones de Comercio y Producci\u00f3n de Venezuela (Fedec\u00e1maras), Jes\u00fas Irausqu\u00edn quien se\u00f1al\u00f3 al Gobierno nacional como responsable de esta situaci\u00f3n. <\/p>\n\n\n\n<p>\u201cSe\u00f1or Irausqu\u00edn usted en sus declaraciones debi\u00f3 haber incluido de d\u00f3nde se gener\u00f3 esta tragedia, este evento que est\u00e1 ocurriendo en este estado contra esta hermosa poblaci\u00f3n neoespartana. A usted se le olvida que esto es producto de un ataque terrorista\u201d, recalc\u00f3. <\/p>\n\n\n\n<p>Los trabajadores y trabajadoras de la Corporaci\u00f3n El\u00e9ctrica Nacional se mantienen activos para brindar respuestas oportunas al pueblo neoespartano y al superar esta contingencia continuar prestando un servicio el\u00e9ctrico eficiente. <\/p>\n\n\n\n<p><strong>Prensa MPPEE-Corpoelec\/Karla Cotoret<\/strong><\/p>\n\n\n\n<p><\/p>\n","protected":false},"excerpt":{"rendered":"<p>Estado Nueva Esparta.- El ministro del Poder Popular para la Energ\u00eda El\u00e9ctrica, Jorge M\u00e1rquez, inform\u00f3 que en las pr\u00f3ximas horas<\/p>\n","protected":false},"author":22,"featured_media":92545,"comment_status":"closed","ping_status":"closed","sticky":false,"template":"","format":"standard","meta":{"footnotes":""},"categories":[1,15,7],"tags":[2691,11,2727,2744,46],"class_list":["post-92528","post","type-post","status-publish","format-standard","has-post-thumbnail","hentry","category-mppee","category-nacionales","category-sen","tag-corpoelec","tag-mppee","tag-nueva-esparta","tag-sen","tag-venezuela"],"_links":{"self":[{"href":"https:\/\/mppee.gob.ve\/index.php?rest_route=\/wp\/v2\/posts\/92528","targetHints":{"allow":["GET"]}}],"collection":[{"href":"https:\/\/mppee.gob.ve\/index.php?rest_route=\/wp\/v2\/posts"}],"about":[{"href":"https:\/\/mppee.gob.ve\/index.php?rest_route=\/wp\/v2\/types\/post"}],"author":[{"embeddable":true,"href":"https:\/\/mppee.gob.ve\/index.php?rest_route=\/wp\/v2\/users\/22"}],"replies":[{"embeddable":true,"href":"https:\/\/mppee.gob.ve\/index.php?rest_route=%2Fwp%2Fv2%2Fcomments&post=92528"}],"version-history":[{"count":4,"href":"https:\/\/mppee.gob.ve\/index.php?rest_route=\/wp\/v2\/posts\/92528\/revisions"}],"predecessor-version":[{"id":92546,"href":"https:\/\/mppee.gob.ve\/index.php?rest_route=\/wp\/v2\/posts\/92528\/revisions\/92546"}],"wp:featuredmedia":[{"embeddable":true,"href":"https:\/\/mppee.gob.ve\/index.php?rest_route=\/wp\/v2\/media\/92545"}],"wp:attachment":[{"href":"https:\/\/mppee.gob.ve\/index.php?rest_route=%2Fwp%2Fv2%2Fmedia&parent=92528"}],"wp:term":[{"taxonomy":"category","embeddable":true,"href":"https:\/\/mppee.gob.ve\/index.php?rest_route=%2Fwp%2Fv2%2Fcategories&post=92528"},{"taxonomy":"post_tag","embeddable":true,"href":"https:\/\/mppee.gob.ve\/index.php?rest_route=%2Fwp%2Fv2%2Ftags&post=92528"}],"curies":[{"name":"wp","href":"https:\/\/api.w.org\/{rel}","templated":true}]}}