{"id":92547,"date":"2024-11-16T21:55:16","date_gmt":"2024-11-16T21:55:16","guid":{"rendered":"http:\/\/mppee.gob.ve\/?p=92547"},"modified":"2024-11-16T22:04:24","modified_gmt":"2024-11-16T22:04:24","slug":"ataque-terrorista-a-planta-gasifera-muscar-tiene-el-sello-de-maria-corina-machado","status":"publish","type":"post","link":"https:\/\/mppee.gob.ve\/?p=92547","title":{"rendered":"Ataque terrorista a planta gas\u00edfera Muscar tiene el sello de Mar\u00eda Corina Machado"},"content":{"rendered":"\n<p><strong>Estado Nueva Esparta.-<\/strong> \u201cEste ataque terrorista tiene nombre y apellido, lleva el sello y la etiqueta de Mar\u00eda Corina Machado y sus banditas, sus comanditos\u201d, asegur\u00f3 el ministro del Poder Popular para la Energ\u00eda El\u00e9ctrica, Jorge M\u00e1rquez, tras detallar que la explosi\u00f3n ocurrida el pasado domingo en la planta gas\u00edfera Muscar, ubicada en el estado Monagas, fue producto de un ataque terrorista. <\/p>\n\n\n\n<p>En rueda de prensa desde la sede administrativa de la Corporaci\u00f3n El\u00e9ctrica Nacional (Corpoelec), en el estado Nueva Esparta, el tambi\u00e9n Vicepresidente Sectorial de Obras P\u00fablicas y Servicios, record\u00f3 que el Sistema El\u00e9ctrico Nacional ha sido v\u00edctima de actos terroristas en muchas oportunidades. <\/p>\n\n\n\n<p>\u00abYo como Ministro de energ\u00eda el\u00e9ctrica he padecido estos ataques de estos terroristas, atacando nuestro Sistema El\u00e9ctrico Nacional en reiteradas oportunidades. Antes de las elecciones del 28 de julio lo denunci\u00e9 m\u00e1s de una intentaron tumbarnos torres en el Zulia, en el T\u00e1chira, en Monagas, en Anzo\u00e1tegui, y gracias a la fuerza trabajadora de Corpoelec logramos salir adelante\u201d, puntualiz\u00f3. <\/p>\n\n\n\n<p>En ese orden, subray\u00f3 que mientras grupos de extrema derecha le hacen da\u00f1o al pa\u00eds el pueblo cuenta con un Presidente que lo protege. <\/p>\n\n\n\n<p>\u201cNosotros podemos ver c\u00f3mo nuestro presidente Nicol\u00e1s Maduro est\u00e1 buscando llevar bienestar al pueblo, al pa\u00eds, a nuestra Patria y c\u00f3mo un grupo de personas, liderado por esta se\u00f1ora \u2013Mar\u00eda Corina Machado- logran crear malestar y zozobra\u201d, enfatiz\u00f3. <\/p>\n\n\n\n<p>Venezuela denunci\u00f3 el pasado 26 de septiembre ante la Asamblea General de la ONU los ataques terroristas en contra del presidente Nicol\u00e1s Maduro y otros funcionarios con pleno apoyo de Estados Unidos. <\/p>\n\n\n\n<p><strong>Prensa MPPEE-Corpoelec\/Karla Cotoret<\/strong><\/p>\n\n\n\n<p><\/p>\n","protected":false},"excerpt":{"rendered":"<p>Estado Nueva Esparta.- \u201cEste ataque terrorista tiene nombre y apellido, lleva el sello y la etiqueta de Mar\u00eda Corina Machado<\/p>\n","protected":false},"author":22,"featured_media":92548,"comment_status":"closed","ping_status":"closed","sticky":false,"template":"","format":"standard","meta":{"footnotes":""},"categories":[1,15,7],"tags":[2691,11,2727,2744,46],"class_list":["post-92547","post","type-post","status-publish","format-standard","has-post-thumbnail","hentry","category-mppee","category-nacionales","category-sen","tag-corpoelec","tag-mppee","tag-nueva-esparta","tag-sen","tag-venezuela"],"_links":{"self":[{"href":"https:\/\/mppee.gob.ve\/index.php?rest_route=\/wp\/v2\/posts\/92547","targetHints":{"allow":["GET"]}}],"collection":[{"href":"https:\/\/mppee.gob.ve\/index.php?rest_route=\/wp\/v2\/posts"}],"about":[{"href":"https:\/\/mppee.gob.ve\/index.php?rest_route=\/wp\/v2\/types\/post"}],"author":[{"embeddable":true,"href":"https:\/\/mppee.gob.ve\/index.php?rest_route=\/wp\/v2\/users\/22"}],"replies":[{"embeddable":true,"href":"https:\/\/mppee.gob.ve\/index.php?rest_route=%2Fwp%2Fv2%2Fcomments&post=92547"}],"version-history":[{"count":1,"href":"https:\/\/mppee.gob.ve\/index.php?rest_route=\/wp\/v2\/posts\/92547\/revisions"}],"predecessor-version":[{"id":92549,"href":"https:\/\/mppee.gob.ve\/index.php?rest_route=\/wp\/v2\/posts\/92547\/revisions\/92549"}],"wp:featuredmedia":[{"embeddable":true,"href":"https:\/\/mppee.gob.ve\/index.php?rest_route=\/wp\/v2\/media\/92548"}],"wp:attachment":[{"href":"https:\/\/mppee.gob.ve\/index.php?rest_route=%2Fwp%2Fv2%2Fmedia&parent=92547"}],"wp:term":[{"taxonomy":"category","embeddable":true,"href":"https:\/\/mppee.gob.ve\/index.php?rest_route=%2Fwp%2Fv2%2Fcategories&post=92547"},{"taxonomy":"post_tag","embeddable":true,"href":"https:\/\/mppee.gob.ve\/index.php?rest_route=%2Fwp%2Fv2%2Ftags&post=92547"}],"curies":[{"name":"wp","href":"https:\/\/api.w.org\/{rel}","templated":true}]}}