{"id":92579,"date":"2024-11-19T01:42:39","date_gmt":"2024-11-19T01:42:39","guid":{"rendered":"http:\/\/mppee.gob.ve\/?p=92579"},"modified":"2024-11-19T01:42:41","modified_gmt":"2024-11-19T01:42:41","slug":"presidente-maduro-llama-a-la-conciencia-para-enfrentar-ataques-de-la-extrema-derecha","status":"publish","type":"post","link":"https:\/\/mppee.gob.ve\/?p=92579","title":{"rendered":"Presidente Maduro llama a la conciencia para enfrentar ataques de la extrema derecha"},"content":{"rendered":"\n<p><strong>San Bernardino, Caracas.-<\/strong> Durante la transmisi\u00f3n de la emisi\u00f3n n\u00famero 67 de su programa televisivo \u201cCon Maduro +\u201d, el presidente de la Rep\u00fablica, Nicol\u00e1s Maduro, asever\u00f3 que el ataque terrorista perpetrado contra la Planta Gas\u00edfera Muscar, ubicada en el estado Monagas, estuvo comandado por la representante de ultraderecha Mar\u00eda Machado, con el objetivo de intentar dar continuidad a la ola de violencia que se desat\u00f3 tras los comicios presidenciales del presente a\u00f1o.<\/p>\n\n\n\n<p>\u201cTodos estos ataques, como lo ha dicho la Vicepresidenta -Delcy Rodr\u00edguez- tienen nombre y apellido, se est\u00e1n planificando desde Colombia. Detr\u00e1s de estos ataques est\u00e1 el mundo del narcotr\u00e1fico y paramilitar (\u2026) Ella -Mar\u00eda Machado- est\u00e1 detr\u00e1s de estos planes. Se fue precisamente para con toda su maldad, todo su deseo de venganza, todo su fascismo, hacerle da\u00f1o a Venezuela, porque su apellido, sus ambiciones, su ego no se impuso en Venezuela\u201d.<\/p>\n\n\n\n<p>El Jefe de Estado se\u00f1al\u00f3 que han sido continuos los atentados en contra de servicios vitales para el pa\u00eds, entre ellos los ejecutados contra el Sistema El\u00e9ctrico Nacional (SEN) que se ha visto severamente afectado con el ataque en Monagas, luego de que se interrumpiera el suministro de gas a las plantas termoel\u00e9ctricas que surten al estado Nueva Esparta.<\/p>\n\n\n\n<p>\u201cEllos siempre atacan oleoductos, gasoductos y centros vitales. Ya hicieron un ataque el\u00e9ctrico, bueno que pudo haber sido muy letal dejaron al pa\u00eds sin luz durante 24 horas, gracias a los trabajadores honestos, profesionales de alto nivel t\u00e9cnico, se logr\u00f3 la recuperaci\u00f3n (\u2026) Fue un ataque muy criminal. Este tipo de ataque pretende perturbar la seguridad social, la seguridad econ\u00f3mica, la paz del pa\u00eds\u201d, subray\u00f3 el Mandatario.<\/p>\n\n\n\n<p>Al respecto, afirm\u00f3 que la justicia est\u00e1 en camino para penar estas acciones destructivas, que han develado a trav\u00e9s de las investigaciones el verdadero fin del hecho, que no era otro que dejar sin el combustible a la regi\u00f3n oriental del pa\u00eds.<\/p>\n\n\n\n<p>\u201cPero yo les digo: la justicia tarda pero llega, le digo a los trabajadores petroleros, gas\u00edferos del pa\u00eds que se han recuperado de esa destrucci\u00f3n enorme que generaron all\u00e1 en el centro de gas de Monagas, un centro nodal del pa\u00eds, ya est\u00e1 comprobado por los peritos que fue un ataque terrorista para dejarnos sin planta de gas y dejar sin gas todo el oriente del pa\u00eds y parte del centro del pa\u00eds\u201d, puntualiz\u00f3.<\/p>\n\n\n\n<p>Finalmente, inform\u00f3 que en los pr\u00f3ximos d\u00edas se Regularizar\u00e1 el suministro de gas al estado Nueva Esparta.<\/p>\n\n\n\n<p>\u201cEn los pr\u00f3ximos d\u00edas ya estar\u00e1 regularizado todo el servicio, sobre todo al estado Nueva Esparta que es el estado m\u00e1s comprometido\u201d, al tiempo que llam\u00f3 a la poblaci\u00f3n a estar alerta frente a la violencia que busca potenciar la derecha contra Venezuela.<\/p>\n\n\n\n<p>\u201cEllos hacen el da\u00f1o, despu\u00e9s empieza la manipulaci\u00f3n para generar el enga\u00f1o, claro que se afect\u00f3 el servicio el\u00e9ctrico que depende del gas que ven\u00eda de esa planta (\u2026) M\u00e1xima conciencia a todo el pueblo de Venezuela. Ese fascismo y ese terrorismo tambi\u00e9n lo seguiremos derrotando. Cueste lo que cueste nosotros lo vamos a derrotar\u201d, concluy\u00f3 el Presidente.<\/p>\n\n\n\n<p><strong>Prensa MPPEE-Corpoelec \/ Mar\u00eda Mercedes Noguera<\/strong><\/p>\n\n\n\n<p><\/p>\n","protected":false},"excerpt":{"rendered":"<p>San Bernardino, Caracas.- Durante la transmisi\u00f3n de la emisi\u00f3n n\u00famero 67 de su programa televisivo \u201cCon Maduro +\u201d, el presidente<\/p>\n","protected":false},"author":24,"featured_media":92580,"comment_status":"closed","ping_status":"closed","sticky":false,"template":"","format":"standard","meta":{"footnotes":""},"categories":[1,15,7],"tags":[2691,11,2744,46],"class_list":["post-92579","post","type-post","status-publish","format-standard","has-post-thumbnail","hentry","category-mppee","category-nacionales","category-sen","tag-corpoelec","tag-mppee","tag-sen","tag-venezuela"],"_links":{"self":[{"href":"https:\/\/mppee.gob.ve\/index.php?rest_route=\/wp\/v2\/posts\/92579","targetHints":{"allow":["GET"]}}],"collection":[{"href":"https:\/\/mppee.gob.ve\/index.php?rest_route=\/wp\/v2\/posts"}],"about":[{"href":"https:\/\/mppee.gob.ve\/index.php?rest_route=\/wp\/v2\/types\/post"}],"author":[{"embeddable":true,"href":"https:\/\/mppee.gob.ve\/index.php?rest_route=\/wp\/v2\/users\/24"}],"replies":[{"embeddable":true,"href":"https:\/\/mppee.gob.ve\/index.php?rest_route=%2Fwp%2Fv2%2Fcomments&post=92579"}],"version-history":[{"count":1,"href":"https:\/\/mppee.gob.ve\/index.php?rest_route=\/wp\/v2\/posts\/92579\/revisions"}],"predecessor-version":[{"id":92581,"href":"https:\/\/mppee.gob.ve\/index.php?rest_route=\/wp\/v2\/posts\/92579\/revisions\/92581"}],"wp:featuredmedia":[{"embeddable":true,"href":"https:\/\/mppee.gob.ve\/index.php?rest_route=\/wp\/v2\/media\/92580"}],"wp:attachment":[{"href":"https:\/\/mppee.gob.ve\/index.php?rest_route=%2Fwp%2Fv2%2Fmedia&parent=92579"}],"wp:term":[{"taxonomy":"category","embeddable":true,"href":"https:\/\/mppee.gob.ve\/index.php?rest_route=%2Fwp%2Fv2%2Fcategories&post=92579"},{"taxonomy":"post_tag","embeddable":true,"href":"https:\/\/mppee.gob.ve\/index.php?rest_route=%2Fwp%2Fv2%2Ftags&post=92579"}],"curies":[{"name":"wp","href":"https:\/\/api.w.org\/{rel}","templated":true}]}}