{"id":92583,"date":"2024-11-19T01:57:46","date_gmt":"2024-11-19T01:57:46","guid":{"rendered":"http:\/\/mppee.gob.ve\/?p=92583"},"modified":"2024-11-19T02:29:12","modified_gmt":"2024-11-19T02:29:12","slug":"ejecutivo-insta-a-tiktok-latinoamerica-a-retirar-desafios-abusivos-en-venezuela","status":"publish","type":"post","link":"https:\/\/mppee.gob.ve\/?p=92583","title":{"rendered":"Ejecutivo insta a TikTok Latinoam\u00e9rica a retirar desaf\u00edos abusivos en Venezuela"},"content":{"rendered":"\n<p><strong>San Bernardino, Caracas.-<\/strong> Al hacer un llamado al impulso de conciencia cr\u00edtica de padres, representantes y maestros del pa\u00eds en relaci\u00f3n al contenido que consumen ni\u00f1os y ni\u00f1as en las redes sociales, el presidente de la Rep\u00fablica Bolivariana de Venezuela, Nicol\u00e1s Maduro Moros, inst\u00f3 a TikTok Latinoam\u00e9rica a retirar los \u201cdesaf\u00edos abusivos y criminales\u201d que se publican en dicha plataforma y que est\u00e1n al alcance de los j\u00f3venes.<\/p>\n\n\n\n<p>\u201cLe he dado la orden al Mayor General Jorge M\u00e1rquez, presidente de Conatel, que se comunique con TikTok Latinoam\u00e9rica de inmediato, y le de 72 horas para retirar de Venezuela todos estos llamados desaf\u00edos abusivos criminales\u201d, asevero el Jefe de Estado durante la edici\u00f3n N\u00b0 67 del programa \u201cCon Maduro +\u201d.<\/p>\n\n\n\n<p>Al respecto, enfatiz\u00f3 en la necesidad de crear una conciencia cr\u00edtica desde el hogar al tiempo que exhort\u00f3 a los padres, l\u00edderes de la comunidad y maestros a colocar \u201cfrenos\u201d en el contenido que visitan los ni\u00f1os, ni\u00f1as y j\u00f3venes en las redes sociales.<\/p>\n\n\n\n<p>Recalc\u00f3 que a trav\u00e9s de la pedagog\u00eda se debe crear conciencia en defensa de \u201cnuestros ni\u00f1os\u201d, lo que permitir\u00e1 la creaci\u00f3n de conocimientos en la formaci\u00f3n desde la ni\u00f1ez.<\/p>\n\n\n\n<p>En contexto, el Gobierno Nacional a trav\u00e9s del Ministerio del Poder Popular para la Educaci\u00f3n, inici\u00f3 un Plan Piloto para regularizar el uso de tel\u00e9fonos inteligentes en escuelas y liceos, acci\u00f3n con la cual se busca alertar a la poblaci\u00f3n sobre la promoci\u00f3n de antivalores, as\u00ed como tambi\u00e9n disminuir el consumo de contenido negativo para el desarrollo emocional y social de los ni\u00f1os, ni\u00f1as y j\u00f3venes.<\/p>\n\n\n\n<p><strong>Prensa MPPEE-Corpoelec \/ Joelin Jim\u00e9nez<\/strong><\/p>\n","protected":false},"excerpt":{"rendered":"<p>San Bernardino, Caracas.- Al hacer un llamado al impulso de conciencia cr\u00edtica de padres, representantes y maestros del pa\u00eds en<\/p>\n","protected":false},"author":24,"featured_media":92584,"comment_status":"closed","ping_status":"closed","sticky":false,"template":"","format":"standard","meta":{"footnotes":""},"categories":[1],"tags":[46,327],"class_list":["post-92583","post","type-post","status-publish","format-standard","has-post-thumbnail","hentry","category-mppee","tag-venezuela","tag-vsops"],"_links":{"self":[{"href":"https:\/\/mppee.gob.ve\/index.php?rest_route=\/wp\/v2\/posts\/92583","targetHints":{"allow":["GET"]}}],"collection":[{"href":"https:\/\/mppee.gob.ve\/index.php?rest_route=\/wp\/v2\/posts"}],"about":[{"href":"https:\/\/mppee.gob.ve\/index.php?rest_route=\/wp\/v2\/types\/post"}],"author":[{"embeddable":true,"href":"https:\/\/mppee.gob.ve\/index.php?rest_route=\/wp\/v2\/users\/24"}],"replies":[{"embeddable":true,"href":"https:\/\/mppee.gob.ve\/index.php?rest_route=%2Fwp%2Fv2%2Fcomments&post=92583"}],"version-history":[{"count":1,"href":"https:\/\/mppee.gob.ve\/index.php?rest_route=\/wp\/v2\/posts\/92583\/revisions"}],"predecessor-version":[{"id":92585,"href":"https:\/\/mppee.gob.ve\/index.php?rest_route=\/wp\/v2\/posts\/92583\/revisions\/92585"}],"wp:featuredmedia":[{"embeddable":true,"href":"https:\/\/mppee.gob.ve\/index.php?rest_route=\/wp\/v2\/media\/92584"}],"wp:attachment":[{"href":"https:\/\/mppee.gob.ve\/index.php?rest_route=%2Fwp%2Fv2%2Fmedia&parent=92583"}],"wp:term":[{"taxonomy":"category","embeddable":true,"href":"https:\/\/mppee.gob.ve\/index.php?rest_route=%2Fwp%2Fv2%2Fcategories&post=92583"},{"taxonomy":"post_tag","embeddable":true,"href":"https:\/\/mppee.gob.ve\/index.php?rest_route=%2Fwp%2Fv2%2Ftags&post=92583"}],"curies":[{"name":"wp","href":"https:\/\/api.w.org\/{rel}","templated":true}]}}