{"id":92647,"date":"2024-11-22T14:07:22","date_gmt":"2024-11-22T14:07:22","guid":{"rendered":"http:\/\/mppee.gob.ve\/?p=92647"},"modified":"2024-11-22T14:07:24","modified_gmt":"2024-11-22T14:07:24","slug":"usuarios-se-favorecen-con-jornadas-de-atencion-en-cinco-municipios-apurenos","status":"publish","type":"post","link":"https:\/\/mppee.gob.ve\/?p=92647","title":{"rendered":"Usuarios se favorecen con jornadas de atenci\u00f3n en cinco municipios apure\u00f1os"},"content":{"rendered":"\n<p><strong>Estado Apure.-<\/strong> Este s\u00e1bado 23 de noviembre, la Corporaci\u00f3n El\u00e9ctrica Nacional (Corpoelec) despliega Jornadas Integrales de Atenci\u00f3n al Usuario en el estado Apure, para brindar a los suscriptores la asesor\u00eda en tr\u00e1mites relacionados con el servicio el\u00e9ctrico.<\/p>\n\n\n\n<p>En este sentido, los stands de atenci\u00f3n brindar\u00e1n asistencia para la actualizaci\u00f3n de datos, notificaci\u00f3n de deudas, pago de facturas, recepci\u00f3n de reclamos y orientaci\u00f3n sobre el uso de la Banca en L\u00ednea para realizar pagos, en un horario comprendido entre las 8:00 de la ma\u00f1ana y las 2:00 de la tarde.<\/p>\n\n\n\n<p>A continuaci\u00f3n, conozca d\u00f3nde estar\u00e1n ubicados los stands:<\/p>\n\n\n\n<p>\u00b7 Urbanizaci\u00f3n Las Terrazas, parroquia San Fernando, municipio San Fernando.<\/p>\n\n\n\n<p>\u00b7 Urbanizaci\u00f3n La Guamita, parroquia El Recreo, municipio San Fernando.<\/p>\n\n\n\n<p>\u00b7 Urbanizaci\u00f3n Las Malvinas, parroquia Achaguas, municipio Achaguas.<\/p>\n\n\n\n<p>\u00b7 Avenida T\u00e1chira, parroquia Mantecal, municipio Mu\u00f1oz.<\/p>\n\n\n\n<p>\u00b7 Urbanizaci\u00f3n Coronel Francisco Farf\u00e1n, parroquia Elorza, municipio R\u00f3mulo Gallegos.<\/p>\n\n\n\n<p>\u00b7 Sector Centro cerca de la plaza Bol\u00edvar, parroquia Guasdualito, municipio P\u00e1ez.<\/p>\n\n\n\n<p>\u00b7 Sector P\u00e1ez de la poblaci\u00f3n El Nula, parroquia San Camilo, municipio P\u00e1ez<\/p>\n\n\n\n<p>Para obtener m\u00e1s informaci\u00f3n sobre estas Jornadas Integrales de Atenci\u00f3n al Usuario, los interesados pueden seguir la cuenta @corpoelecinfo en Instagram.<\/p>\n\n\n\n<p><strong>Prensa MPPEE-Corpoelec<\/strong><\/p>\n","protected":false},"excerpt":{"rendered":"<p>Estado Apure.- Este s\u00e1bado 23 de noviembre, la Corporaci\u00f3n El\u00e9ctrica Nacional (Corpoelec) despliega Jornadas Integrales de Atenci\u00f3n al Usuario en<\/p>\n","protected":false},"author":24,"featured_media":91327,"comment_status":"closed","ping_status":"closed","sticky":false,"template":"","format":"standard","meta":{"footnotes":""},"categories":[1,30,7],"tags":[2722,2691,11,2744,46],"class_list":["post-92647","post","type-post","status-publish","format-standard","has-post-thumbnail","hentry","category-mppee","category-regionales","category-sen","tag-apure","tag-corpoelec","tag-mppee","tag-sen","tag-venezuela"],"_links":{"self":[{"href":"https:\/\/mppee.gob.ve\/index.php?rest_route=\/wp\/v2\/posts\/92647","targetHints":{"allow":["GET"]}}],"collection":[{"href":"https:\/\/mppee.gob.ve\/index.php?rest_route=\/wp\/v2\/posts"}],"about":[{"href":"https:\/\/mppee.gob.ve\/index.php?rest_route=\/wp\/v2\/types\/post"}],"author":[{"embeddable":true,"href":"https:\/\/mppee.gob.ve\/index.php?rest_route=\/wp\/v2\/users\/24"}],"replies":[{"embeddable":true,"href":"https:\/\/mppee.gob.ve\/index.php?rest_route=%2Fwp%2Fv2%2Fcomments&post=92647"}],"version-history":[{"count":1,"href":"https:\/\/mppee.gob.ve\/index.php?rest_route=\/wp\/v2\/posts\/92647\/revisions"}],"predecessor-version":[{"id":92648,"href":"https:\/\/mppee.gob.ve\/index.php?rest_route=\/wp\/v2\/posts\/92647\/revisions\/92648"}],"wp:featuredmedia":[{"embeddable":true,"href":"https:\/\/mppee.gob.ve\/index.php?rest_route=\/wp\/v2\/media\/91327"}],"wp:attachment":[{"href":"https:\/\/mppee.gob.ve\/index.php?rest_route=%2Fwp%2Fv2%2Fmedia&parent=92647"}],"wp:term":[{"taxonomy":"category","embeddable":true,"href":"https:\/\/mppee.gob.ve\/index.php?rest_route=%2Fwp%2Fv2%2Fcategories&post=92647"},{"taxonomy":"post_tag","embeddable":true,"href":"https:\/\/mppee.gob.ve\/index.php?rest_route=%2Fwp%2Fv2%2Ftags&post=92647"}],"curies":[{"name":"wp","href":"https:\/\/api.w.org\/{rel}","templated":true}]}}