{"id":92692,"date":"2024-11-26T23:39:43","date_gmt":"2024-11-26T23:39:43","guid":{"rendered":"http:\/\/mppee.gob.ve\/?p=92692"},"modified":"2024-11-26T23:39:45","modified_gmt":"2024-11-26T23:39:45","slug":"corpoelec-se-despliega-en-la-urbanizacion-don-samuel-con-jornadas-de-atencion-al-usuario","status":"publish","type":"post","link":"https:\/\/mppee.gob.ve\/?p=92692","title":{"rendered":"Corpoelec se despliega en la Urbanizaci\u00f3n Don Samuel con Jornadas de Atenci\u00f3n al Usuario"},"content":{"rendered":"\n<p><strong>Estado Barinas.-<\/strong> Este mi\u00e9rcoles 27 de noviembre, la Corporaci\u00f3n El\u00e9ctrica Nacional (Corpoelec) se desplegar\u00e1 en la Urbanizaci\u00f3n Don Samuel del estado Barinas, a trav\u00e9s de una Jornada Integral de Atenci\u00f3n al Usuario.<\/p>\n\n\n\n<p>La clase trabajadora brindara orientaci\u00f3n en materia de notificaci\u00f3n de deuda, pago de factura, actualizaci\u00f3n de datos y captaci\u00f3n de nuevos usuarios, en un horario comprendido entre las 9 de la ma\u00f1ana y 5 de la tarde.<\/p>\n\n\n\n<p>En la referida comunidad de la parroquia Alto Barinas, la modalidad de abordaje ser\u00e1 casa a casa con la intenci\u00f3n de brindar mayor comodidad y asistencia personalizada de sus habitantes.<\/p>\n\n\n\n<p>Para mayor informaci\u00f3n sobre las Jornadas Integrales de Atenci\u00f3n al Usuario, pueden visitar la cuenta @corpoelecinfo en la red social Instagram.<\/p>\n\n\n\n<p><strong>Prensa MPPEE-Corpoelec<\/strong><\/p>\n\n\n\n<p><\/p>\n","protected":false},"excerpt":{"rendered":"<p>Estado Barinas.- Este mi\u00e9rcoles 27 de noviembre, la Corporaci\u00f3n El\u00e9ctrica Nacional (Corpoelec) se desplegar\u00e1 en la Urbanizaci\u00f3n Don Samuel del<\/p>\n","protected":false},"author":22,"featured_media":91324,"comment_status":"closed","ping_status":"closed","sticky":false,"template":"","format":"standard","meta":{"footnotes":""},"categories":[30,7],"tags":[2698,2691,11,2744],"class_list":["post-92692","post","type-post","status-publish","format-standard","has-post-thumbnail","hentry","category-regionales","category-sen","tag-barinas","tag-corpoelec","tag-mppee","tag-sen"],"_links":{"self":[{"href":"https:\/\/mppee.gob.ve\/index.php?rest_route=\/wp\/v2\/posts\/92692","targetHints":{"allow":["GET"]}}],"collection":[{"href":"https:\/\/mppee.gob.ve\/index.php?rest_route=\/wp\/v2\/posts"}],"about":[{"href":"https:\/\/mppee.gob.ve\/index.php?rest_route=\/wp\/v2\/types\/post"}],"author":[{"embeddable":true,"href":"https:\/\/mppee.gob.ve\/index.php?rest_route=\/wp\/v2\/users\/22"}],"replies":[{"embeddable":true,"href":"https:\/\/mppee.gob.ve\/index.php?rest_route=%2Fwp%2Fv2%2Fcomments&post=92692"}],"version-history":[{"count":1,"href":"https:\/\/mppee.gob.ve\/index.php?rest_route=\/wp\/v2\/posts\/92692\/revisions"}],"predecessor-version":[{"id":92738,"href":"https:\/\/mppee.gob.ve\/index.php?rest_route=\/wp\/v2\/posts\/92692\/revisions\/92738"}],"wp:featuredmedia":[{"embeddable":true,"href":"https:\/\/mppee.gob.ve\/index.php?rest_route=\/wp\/v2\/media\/91324"}],"wp:attachment":[{"href":"https:\/\/mppee.gob.ve\/index.php?rest_route=%2Fwp%2Fv2%2Fmedia&parent=92692"}],"wp:term":[{"taxonomy":"category","embeddable":true,"href":"https:\/\/mppee.gob.ve\/index.php?rest_route=%2Fwp%2Fv2%2Fcategories&post=92692"},{"taxonomy":"post_tag","embeddable":true,"href":"https:\/\/mppee.gob.ve\/index.php?rest_route=%2Fwp%2Fv2%2Ftags&post=92692"}],"curies":[{"name":"wp","href":"https:\/\/api.w.org\/{rel}","templated":true}]}}