{"id":92706,"date":"2024-11-26T01:42:18","date_gmt":"2024-11-26T01:42:18","guid":{"rendered":"http:\/\/mppee.gob.ve\/?p=92706"},"modified":"2024-11-26T01:42:19","modified_gmt":"2024-11-26T01:42:19","slug":"venezuela-establece-primer-acercamiento-con-tiktok-latinoamerica-para-retirar-retos-virales","status":"publish","type":"post","link":"https:\/\/mppee.gob.ve\/?p=92706","title":{"rendered":"Venezuela establece primer acercamiento con TikTok Latinoam\u00e9rica para retirar retos virales"},"content":{"rendered":"\n<p><strong><br><br>Caracas, Distrito Capital.- <\/strong>Al destacar que el Gobierno Nacional, a trav\u00e9s de la Comisi\u00f3n Nacional de Telecomunicaciones (Conatel), estableci\u00f3 \u00abrelacion por primera vez\u00a0 con TikTok Latinoam\u00e9rica\u00bb, el presidente de la Rep\u00fablica, Nicol\u00e1s Maduro, apunt\u00f3 que existen puntos de acuerdo respecto a la necesidad de eliminar el contenido perjudicial de la plataforma, que ha cobrado la vida de tres adolescentes venezolanos.<\/p>\n\n\n\n<p>No obstante, se\u00f1al\u00f3 que de no terminarse las \u00abcampa\u00f1as sucias\u00bb, la legislaci\u00f3n venezolana tendr\u00e1 que aplicarse para resguardar la integridad de ni\u00f1os, ni\u00f1as y j\u00f3venes.<\/p>\n\n\n\n<p>Durante la edici\u00f3n Nro. 68 del programa \u00abCon Maduro +\u00bb, indic\u00f3 que el Estado tiene la potestad para actuar inmediatamente contra aquellos canales de televisi\u00f3n o radios que vulneren las disposiciones de la Ley de Responsabilidad Social en Radio y Televisi\u00f3n, situaci\u00f3n que no ocurre con TikTok debido a que se desconoce quienes son los representantes legales y su forma de operar en la regi\u00f3n.<\/p>\n\n\n\n<p>El Jefe de Estado cuestion\u00f3 el doble rasero de la plataforma al precisar que \u00abcensuran otros contenidos y otras cuentas en Venezuela, pero promueven lo peor porque quieren destruir nuestras sociedades\u00bb.<\/p>\n\n\n\n<p>Por otro lado, subray\u00f3 que adelantan un proyecto, junto a los alumnos de educaci\u00f3n media y universitaria, para hacerle frente a este flagelo que ya es un tema que preocupa a escala mundial.<\/p>\n\n\n\n<p>\u201cYo le di chance a los muchachos de educaci\u00f3n media, de educaci\u00f3n universitaria, ellos est\u00e1n evaluando una propuesta que me van a hacer llegar de lo que deben ser las opciones que tiene el pa\u00eds frente a esta amenaza. Otros pa\u00edses tambi\u00e9n han sido v\u00edctimas y tambi\u00e9n est\u00e1n reaccionando, es el tema de las redes sociales porque mucha gente me dice: \u00a1Maduro regula eso! \u00a1Maduro proh\u00edbe esos videos!, pero es que la emisi\u00f3n de la se\u00f1al de Tik Tok no depende de una oficina nacional\u201d, explic\u00f3.<\/p>\n\n\n\n<p>Destac\u00f3 tambi\u00e9n el esfuerzo que viene realiz\u00e1ndose para desmontar el nivel al que ha escalado el contenido de TiKTok en el pa\u00eds.<\/p>\n\n\n\n<p>Sobre esto, apunt\u00f3 que la decisi\u00f3n que adopte el Tribunal Supremo de Justicia (TSJ) frente a este t\u00f3pico ser\u00e1 atendida de inmediato.<\/p>\n\n\n\n<p>\u201cNo me temblar\u00e1 el pulso para aplicarlo severamente porque la prioridad es defender la vida de los ni\u00f1os, de las ni\u00f1as, la educaci\u00f3n y de la juventud\u201d, sentenci\u00f3.<br><strong><br>Prensa MPPEE &#8211; Corpoelec \/ Mar\u00eda Mercedes Noguera<\/strong><\/p>\n","protected":false},"excerpt":{"rendered":"<p>Caracas, Distrito Capital.- Al destacar que el Gobierno Nacional, a trav\u00e9s de la Comisi\u00f3n Nacional de Telecomunicaciones (Conatel), estableci\u00f3 \u00abrelacion<\/p>\n","protected":false},"author":24,"featured_media":92707,"comment_status":"closed","ping_status":"closed","sticky":false,"template":"","format":"standard","meta":{"footnotes":""},"categories":[15],"tags":[2796,2795],"class_list":["post-92706","post","type-post","status-publish","format-standard","has-post-thumbnail","hentry","category-nacionales","tag-conatel","tag-tiktok"],"_links":{"self":[{"href":"https:\/\/mppee.gob.ve\/index.php?rest_route=\/wp\/v2\/posts\/92706","targetHints":{"allow":["GET"]}}],"collection":[{"href":"https:\/\/mppee.gob.ve\/index.php?rest_route=\/wp\/v2\/posts"}],"about":[{"href":"https:\/\/mppee.gob.ve\/index.php?rest_route=\/wp\/v2\/types\/post"}],"author":[{"embeddable":true,"href":"https:\/\/mppee.gob.ve\/index.php?rest_route=\/wp\/v2\/users\/24"}],"replies":[{"embeddable":true,"href":"https:\/\/mppee.gob.ve\/index.php?rest_route=%2Fwp%2Fv2%2Fcomments&post=92706"}],"version-history":[{"count":1,"href":"https:\/\/mppee.gob.ve\/index.php?rest_route=\/wp\/v2\/posts\/92706\/revisions"}],"predecessor-version":[{"id":92708,"href":"https:\/\/mppee.gob.ve\/index.php?rest_route=\/wp\/v2\/posts\/92706\/revisions\/92708"}],"wp:featuredmedia":[{"embeddable":true,"href":"https:\/\/mppee.gob.ve\/index.php?rest_route=\/wp\/v2\/media\/92707"}],"wp:attachment":[{"href":"https:\/\/mppee.gob.ve\/index.php?rest_route=%2Fwp%2Fv2%2Fmedia&parent=92706"}],"wp:term":[{"taxonomy":"category","embeddable":true,"href":"https:\/\/mppee.gob.ve\/index.php?rest_route=%2Fwp%2Fv2%2Fcategories&post=92706"},{"taxonomy":"post_tag","embeddable":true,"href":"https:\/\/mppee.gob.ve\/index.php?rest_route=%2Fwp%2Fv2%2Ftags&post=92706"}],"curies":[{"name":"wp","href":"https:\/\/api.w.org\/{rel}","templated":true}]}}