{"id":92732,"date":"2024-11-26T22:28:00","date_gmt":"2024-11-26T22:28:00","guid":{"rendered":"http:\/\/mppee.gob.ve\/?p=92732"},"modified":"2024-12-02T13:33:52","modified_gmt":"2024-12-02T13:33:52","slug":"avanza-la-consolidacion-de-los-cptt-del-sector-electrico","status":"publish","type":"post","link":"https:\/\/mppee.gob.ve\/?p=92732","title":{"rendered":"Avanza la consolidaci\u00f3n de los CPTT del sector el\u00e9ctrico"},"content":{"rendered":"\n<p><strong>San Bernardino, Caracas.-<\/strong> Avanzar en la consolidaci\u00f3n de los Consejos Productivos de Trabajadores y Trabajadoras (CPTT) del sector el\u00e9ctrico es la premisa que gu\u00eda el encuentro entre el ministro del Poder Popular para la Energ\u00eda El\u00e9ctrica, Jorge M\u00e1rquez, e integrantes de \u00e1reas de formaci\u00f3n de la Corporaci\u00f3n El\u00e9ctrica Nacional (Corpoelec), que se realiza en San Bernardino, ubicado en Caracas.<\/p>\n\n\n\n<p>El di\u00e1logo que cuenta con el acompa\u00f1amiento del diputado a la Asamblea Nacional, Jacobo Torres Le\u00f3n, se inscribe en la ampliaci\u00f3n de los mecanismos de intercambio destinados a trazar soluciones \u00f3ptimas a las demandas del pueblo venezolano en materia el\u00e9ctrica, cuyo camino inici\u00f3 el pasado 17 de octubre en el contexto del Encuentro de los CPTT de Corpoelec.<\/p>\n\n\n\n<p>Al respecto, una de las prioridades acordadas en la reuni\u00f3n que convoc\u00f3 a trabajadores y trabajadoras del territorio nacional se relaciona con la construcci\u00f3n de la Agenda Concreta de Acci\u00f3n (ACA), herramienta de planificaci\u00f3n que permitir\u00e1 solventar los nudos cr\u00edticos que dificultan la prestaci\u00f3n del servicio el\u00e9ctrico.<\/p>\n\n\n\n<p>Sobre esta base, participan en el debate de car\u00e1cter propositivo el gerente general de Formaci\u00f3n, N\u00e9stor Ovalles; la gerente nacional de Planificaci\u00f3n y Control de Formaci\u00f3n, Carolina Garc\u00eda; la responsable nacional de la Coordinaci\u00f3n de Formaci\u00f3n, Mar\u00eda Bernieri; el caporal del \u00e1rea de Distribuci\u00f3n, Luis Marval; y la representante del Movimiento Obrero Revolucionario \u201cAl\u00ed Rodr\u00edguez Araque\u201d.<\/p>\n\n\n\n<p>Asimismo, v\u00eda videoconferencia, intervienen los voceros de la estatal el\u00e9ctrica de los 23 estados y el Distrito Capital.<\/p>\n\n\n\n<p>En reiteradas oportunidades, el presidente de la Rep\u00fablica, Nicol\u00e1s Maduro, ha destacado el rol estrat\u00e9gico de la clase obrera venezolana en la configuraci\u00f3n de modelos productivos que tributen al pleno funcionamiento de las empresas del Estado. Precisamente, en b\u00fasqueda de materializar este objetivo, las fuerzas involucradas en el Sistema El\u00e9ctrico Nacional (SEN) suman aportes para profundizar la calidad, confiabilidad y eficiencia del servicio de electricidad.<\/p>\n\n\n\n<p><strong>Prensa MPPEE &#8211; Corpoelec<\/strong><\/p>\n","protected":false},"excerpt":{"rendered":"<p>San Bernardino, Caracas.- Avanzar en la consolidaci\u00f3n de los Consejos Productivos de Trabajadores y Trabajadoras (CPTT) del sector el\u00e9ctrico es<\/p>\n","protected":false},"author":24,"featured_media":92733,"comment_status":"closed","ping_status":"closed","sticky":false,"template":"","format":"standard","meta":{"footnotes":""},"categories":[1,15,7],"tags":[2691,2762,2800,2701],"class_list":["post-92732","post","type-post","status-publish","format-standard","has-post-thumbnail","hentry","category-mppee","category-nacionales","category-sen","tag-corpoelec","tag-cptt","tag-sector-electrico","tag-trabajadores"],"_links":{"self":[{"href":"https:\/\/mppee.gob.ve\/index.php?rest_route=\/wp\/v2\/posts\/92732","targetHints":{"allow":["GET"]}}],"collection":[{"href":"https:\/\/mppee.gob.ve\/index.php?rest_route=\/wp\/v2\/posts"}],"about":[{"href":"https:\/\/mppee.gob.ve\/index.php?rest_route=\/wp\/v2\/types\/post"}],"author":[{"embeddable":true,"href":"https:\/\/mppee.gob.ve\/index.php?rest_route=\/wp\/v2\/users\/24"}],"replies":[{"embeddable":true,"href":"https:\/\/mppee.gob.ve\/index.php?rest_route=%2Fwp%2Fv2%2Fcomments&post=92732"}],"version-history":[{"count":2,"href":"https:\/\/mppee.gob.ve\/index.php?rest_route=\/wp\/v2\/posts\/92732\/revisions"}],"predecessor-version":[{"id":92855,"href":"https:\/\/mppee.gob.ve\/index.php?rest_route=\/wp\/v2\/posts\/92732\/revisions\/92855"}],"wp:featuredmedia":[{"embeddable":true,"href":"https:\/\/mppee.gob.ve\/index.php?rest_route=\/wp\/v2\/media\/92733"}],"wp:attachment":[{"href":"https:\/\/mppee.gob.ve\/index.php?rest_route=%2Fwp%2Fv2%2Fmedia&parent=92732"}],"wp:term":[{"taxonomy":"category","embeddable":true,"href":"https:\/\/mppee.gob.ve\/index.php?rest_route=%2Fwp%2Fv2%2Fcategories&post=92732"},{"taxonomy":"post_tag","embeddable":true,"href":"https:\/\/mppee.gob.ve\/index.php?rest_route=%2Fwp%2Fv2%2Ftags&post=92732"}],"curies":[{"name":"wp","href":"https:\/\/api.w.org\/{rel}","templated":true}]}}