{"id":92739,"date":"2024-11-27T13:54:04","date_gmt":"2024-11-27T13:54:04","guid":{"rendered":"http:\/\/mppee.gob.ve\/?p=92739"},"modified":"2024-11-27T13:54:07","modified_gmt":"2024-11-27T13:54:07","slug":"desplegaran-jornadas-de-atencion-a-usuarios-residenciales-en-cumana","status":"publish","type":"post","link":"https:\/\/mppee.gob.ve\/?p=92739","title":{"rendered":"Desplegar\u00e1n Jornadas de Atenci\u00f3n a Usuarios Residenciales en Cuman\u00e1"},"content":{"rendered":"\n<p><strong>Estado Sucre.-<\/strong> Desde el mi\u00e9rcoles 27 hasta el s\u00e1bado 30 de noviembre, la Corporaci\u00f3n El\u00e9ctrica Nacional (Corpoelec) desplegar\u00e1 jornadas de cobranza residencial en la ciudad de Cuman\u00e1, en el estado Sucre.<\/p>\n\n\n\n<p>Los usuarios residenciales recibir\u00e1n asesor\u00eda sobre actualizaci\u00f3n de datos, notificaci\u00f3n de deudas y pagos de facturas. En este sentido, el \u00fanico m\u00e9todo de pago autorizado ser\u00e1 el punto de venta.<\/p>\n\n\n\n<p>A continuaci\u00f3n, conozca a detalle d\u00f3nde se realizar\u00e1n las Jornadas Integrales de Atenci\u00f3n al Usuario:<\/p>\n\n\n\n<ul class=\"wp-block-list\">\n<li><strong>Mi\u00e9rcoles 27 de noviembre<\/strong><\/li>\n<\/ul>\n\n\n\n<p>Direcci\u00f3n: Urbanizaciones Villa Dorada y Santo \u00c1ngel.<\/p>\n\n\n\n<p>Horario: 09:00 a.m hasta las 02:00 p.m<\/p>\n\n\n\n<ul class=\"wp-block-list\">\n<li><strong>Jueves 28 de noviembre<\/strong><\/li>\n<\/ul>\n\n\n\n<p>Direcci\u00f3n: Urbanizaciones Gran Mariscal y Los \u00c1ngeles.<\/p>\n\n\n\n<p>Horario: 09:00 a.m hasta las 02:00 p.m<\/p>\n\n\n\n<ul class=\"wp-block-list\">\n<li><strong>Viernes 29 de noviembre<\/strong><\/li>\n<\/ul>\n\n\n\n<p>Direcci\u00f3n: Conjuntos residenciales Villa Jard\u00edn, Riveras del Manzanares y Jos\u00e9 Mar\u00eda Vargas<strong>.<\/strong><\/p>\n\n\n\n<p>Horario: 09:00 a.m hasta las 02:00 p.m<\/p>\n\n\n\n<ul class=\"wp-block-list\">\n<li><strong>S\u00e1bado 30 de noviembre<\/strong><\/li>\n<\/ul>\n\n\n\n<p>Direcci\u00f3n: Urbanizaci\u00f3n Los Chaguaramos.<\/p>\n\n\n\n<p>Horario: 09:00 a.m hasta las 02:00 p.m<\/p>\n\n\n\n<p>Si desea mayor informaci\u00f3n sobre las Jornadas Integrales de Atenci\u00f3n al Usuario, puede visitar la cuenta @corpoelecinfo en la red social Instagram.<\/p>\n\n\n\n<p><strong>Prensa MPPEE &#8211; Corpoelec<\/strong><\/p>\n","protected":false},"excerpt":{"rendered":"<p>Estado Sucre.- Desde el mi\u00e9rcoles 27 hasta el s\u00e1bado 30 de noviembre, la Corporaci\u00f3n El\u00e9ctrica Nacional (Corpoelec) desplegar\u00e1 jornadas de<\/p>\n","protected":false},"author":24,"featured_media":91667,"comment_status":"closed","ping_status":"closed","sticky":false,"template":"","format":"standard","meta":{"footnotes":""},"categories":[30],"tags":[2801,2802,2693,2769],"class_list":["post-92739","post","type-post","status-publish","format-standard","has-post-thumbnail","hentry","category-regionales","tag-cumana","tag-jornada-de-atencion","tag-sucre","tag-usuario"],"_links":{"self":[{"href":"https:\/\/mppee.gob.ve\/index.php?rest_route=\/wp\/v2\/posts\/92739","targetHints":{"allow":["GET"]}}],"collection":[{"href":"https:\/\/mppee.gob.ve\/index.php?rest_route=\/wp\/v2\/posts"}],"about":[{"href":"https:\/\/mppee.gob.ve\/index.php?rest_route=\/wp\/v2\/types\/post"}],"author":[{"embeddable":true,"href":"https:\/\/mppee.gob.ve\/index.php?rest_route=\/wp\/v2\/users\/24"}],"replies":[{"embeddable":true,"href":"https:\/\/mppee.gob.ve\/index.php?rest_route=%2Fwp%2Fv2%2Fcomments&post=92739"}],"version-history":[{"count":1,"href":"https:\/\/mppee.gob.ve\/index.php?rest_route=\/wp\/v2\/posts\/92739\/revisions"}],"predecessor-version":[{"id":92740,"href":"https:\/\/mppee.gob.ve\/index.php?rest_route=\/wp\/v2\/posts\/92739\/revisions\/92740"}],"wp:featuredmedia":[{"embeddable":true,"href":"https:\/\/mppee.gob.ve\/index.php?rest_route=\/wp\/v2\/media\/91667"}],"wp:attachment":[{"href":"https:\/\/mppee.gob.ve\/index.php?rest_route=%2Fwp%2Fv2%2Fmedia&parent=92739"}],"wp:term":[{"taxonomy":"category","embeddable":true,"href":"https:\/\/mppee.gob.ve\/index.php?rest_route=%2Fwp%2Fv2%2Fcategories&post=92739"},{"taxonomy":"post_tag","embeddable":true,"href":"https:\/\/mppee.gob.ve\/index.php?rest_route=%2Fwp%2Fv2%2Ftags&post=92739"}],"curies":[{"name":"wp","href":"https:\/\/api.w.org\/{rel}","templated":true}]}}