{"id":92757,"date":"2024-11-27T19:31:07","date_gmt":"2024-11-27T19:31:07","guid":{"rendered":"http:\/\/mppee.gob.ve\/?p=92757"},"modified":"2024-11-27T19:31:08","modified_gmt":"2024-11-27T19:31:08","slug":"corpoelec-optimiza-alumbrado-de-autopista-lara-zulia","status":"publish","type":"post","link":"https:\/\/mppee.gob.ve\/?p=92757","title":{"rendered":"Corpoelec optimiza alumbrado de autopista Lara-Zulia"},"content":{"rendered":"\n<p><strong>Municipio Torres, estado Lara.-<\/strong> En el contexto del Plan Integral de Iluminaci\u00f3n de V\u00edas Expresas, la clase trabajadora de la Corporaci\u00f3n El\u00e9ctrica Nacional (Corpoelec) optimiz\u00f3 el sistema de iluminaci\u00f3n del distribuidor La Monta\u00f1ita de la autopista Lara-Zulia, a la altura de la entrada a Carora, en el municipio Torres del estado Lara.<\/p>\n\n\n\n<p>Las labores de mantenimiento integral contemplaron la instalaci\u00f3n de cinco mil metros de tr\u00edplex, 170 luminarias LED de alto rendimiento energ\u00e9tico, tres cajas de control y 60 postes hexagonales, tipo brazo doble, para el soporte de tendidos de media tensi\u00f3n.<\/p>\n\n\n\n<p>Al respecto, Keyny Monroy, lideresa de la Unidad de Batalla Bol\u00edvar-Ch\u00e1vez (UBCh) de la comunidad Celestino Carrasco, subray\u00f3 que el despliegue del personal t\u00e9cnico de la estatal el\u00e9ctrica \u00abgarantiza seguridad a los habitantes de la zona y a los conductores que van o vienen desde el estado Zulia\u00bb.<\/p>\n\n\n\n<p>El reacondicionamiento del alumbrado p\u00fablico favorece la diaria circulaci\u00f3n vehicular entre Barquisimeto y Maracaibo, as\u00ed como a los residentes de los sectores Celestino Carrasco, La Monta\u00f1ita y avenida Rotaria de la parroquia Trinidad Samuel.<\/p>\n\n\n\n<p><strong>Prensa MPPEE &#8211; Corpoelec<\/strong><\/p>\n\n\n\n<p><\/p>\n","protected":false},"excerpt":{"rendered":"<p>Municipio Torres, estado Lara.- En el contexto del Plan Integral de Iluminaci\u00f3n de V\u00edas Expresas, la clase trabajadora de la<\/p>\n","protected":false},"author":24,"featured_media":92760,"comment_status":"closed","ping_status":"closed","sticky":false,"template":"","format":"standard","meta":{"footnotes":""},"categories":[1,30,7],"tags":[2771,2690,2790,2694],"class_list":["post-92757","post","type-post","status-publish","format-standard","has-post-thumbnail","hentry","category-mppee","category-regionales","category-sen","tag-alumbrado-publico","tag-lara","tag-vias-expresas","tag-zulia"],"_links":{"self":[{"href":"https:\/\/mppee.gob.ve\/index.php?rest_route=\/wp\/v2\/posts\/92757","targetHints":{"allow":["GET"]}}],"collection":[{"href":"https:\/\/mppee.gob.ve\/index.php?rest_route=\/wp\/v2\/posts"}],"about":[{"href":"https:\/\/mppee.gob.ve\/index.php?rest_route=\/wp\/v2\/types\/post"}],"author":[{"embeddable":true,"href":"https:\/\/mppee.gob.ve\/index.php?rest_route=\/wp\/v2\/users\/24"}],"replies":[{"embeddable":true,"href":"https:\/\/mppee.gob.ve\/index.php?rest_route=%2Fwp%2Fv2%2Fcomments&post=92757"}],"version-history":[{"count":1,"href":"https:\/\/mppee.gob.ve\/index.php?rest_route=\/wp\/v2\/posts\/92757\/revisions"}],"predecessor-version":[{"id":92758,"href":"https:\/\/mppee.gob.ve\/index.php?rest_route=\/wp\/v2\/posts\/92757\/revisions\/92758"}],"wp:featuredmedia":[{"embeddable":true,"href":"https:\/\/mppee.gob.ve\/index.php?rest_route=\/wp\/v2\/media\/92760"}],"wp:attachment":[{"href":"https:\/\/mppee.gob.ve\/index.php?rest_route=%2Fwp%2Fv2%2Fmedia&parent=92757"}],"wp:term":[{"taxonomy":"category","embeddable":true,"href":"https:\/\/mppee.gob.ve\/index.php?rest_route=%2Fwp%2Fv2%2Fcategories&post=92757"},{"taxonomy":"post_tag","embeddable":true,"href":"https:\/\/mppee.gob.ve\/index.php?rest_route=%2Fwp%2Fv2%2Ftags&post=92757"}],"curies":[{"name":"wp","href":"https:\/\/api.w.org\/{rel}","templated":true}]}}