{"id":92807,"date":"2024-11-29T14:12:54","date_gmt":"2024-11-29T14:12:54","guid":{"rendered":"http:\/\/mppee.gob.ve\/?p=92807"},"modified":"2024-11-29T14:15:39","modified_gmt":"2024-11-29T14:15:39","slug":"desplegaran-jornadas-integrales-de-atencion-al-usuario-en-miranda","status":"publish","type":"post","link":"https:\/\/mppee.gob.ve\/?p=92807","title":{"rendered":"Desplegar\u00e1n Jornadas Integrales de Atenci\u00f3n al Usuario en Miranda"},"content":{"rendered":"\n<p><strong>Estado Miranda.-<\/strong> La Corporaci\u00f3n El\u00e9ctrica Nacional (Corpoelec), a trav\u00e9s de los Centros Integrales de Atenci\u00f3n al Usuario (CIAU), realizar\u00e1 este s\u00e1bado 30 de noviembre jornadas personalizadas con la finalidad de brindar la asesor\u00eda y acompa\u00f1amiento en los tr\u00e1mites del servicio de electricidad.<\/p>\n\n\n\n<p>Las jornadas se llevaran a cabo en tres municipios del estado Miranda, donde los usuarios podr\u00e1n realizar actualizaci\u00f3n de datos, notificaci\u00f3n de deuda y pago de facturas.<\/p>\n\n\n\n<p>A continuaci\u00f3n, se dar\u00e1 a conocer la direcci\u00f3n donde estar\u00e1n ubicados los stands de los CIAU en un horario comprendido de 9:00 de la ma\u00f1ana hasta las 2:00 de la tarde.<\/p>\n\n\n\n<ul class=\"wp-block-list\">\n<li>Urbanizaci\u00f3n Castillejo, conjunto fort\u00edn de San Pedro, terraza Nro. 3, Tribilin Eulalia Buroz, parroquia Guatire, municipio Zamora.<\/li>\n<\/ul>\n\n\n\n<ul class=\"wp-block-list\">\n<li>Centro Comercial Libador, planta baja, casco central de Paracotos, municipio Guaicaipuro.<\/li>\n<\/ul>\n\n\n\n<ul class=\"wp-block-list\">\n<li>Centro Comercial Galer\u00edas, Las Am\u00e9ricas, piso 1, carretera Panamericana kil\u00f3metro 15, municipio Los Salias.<\/li>\n<\/ul>\n\n\n\n<ul class=\"wp-block-list\">\n<li>Centro Comercial Luz El\u00e9ctrica, calle Miquilen, piso 2, municipio Guaicaipuro.<\/li>\n<\/ul>\n\n\n\n<p>Para mayor informaci\u00f3n sobre las Jornadas Integrales de Atenci\u00f3n al Usuario, puede visitar la cuenta @corpoelecinfo en la red social Instagram.<\/p>\n\n\n\n<p><strong>Prensa MPPEE &#8211; Corpoelec<\/strong><\/p>\n","protected":false},"excerpt":{"rendered":"<p>Estado Miranda.- La Corporaci\u00f3n El\u00e9ctrica Nacional (Corpoelec), a trav\u00e9s de los Centros Integrales de Atenci\u00f3n al Usuario (CIAU), realizar\u00e1 este<\/p>\n","protected":false},"author":24,"featured_media":92808,"comment_status":"closed","ping_status":"closed","sticky":false,"template":"","format":"standard","meta":{"footnotes":""},"categories":[1,30,7],"tags":[2691,2709],"class_list":["post-92807","post","type-post","status-publish","format-standard","has-post-thumbnail","hentry","category-mppee","category-regionales","category-sen","tag-corpoelec","tag-miranda"],"_links":{"self":[{"href":"https:\/\/mppee.gob.ve\/index.php?rest_route=\/wp\/v2\/posts\/92807","targetHints":{"allow":["GET"]}}],"collection":[{"href":"https:\/\/mppee.gob.ve\/index.php?rest_route=\/wp\/v2\/posts"}],"about":[{"href":"https:\/\/mppee.gob.ve\/index.php?rest_route=\/wp\/v2\/types\/post"}],"author":[{"embeddable":true,"href":"https:\/\/mppee.gob.ve\/index.php?rest_route=\/wp\/v2\/users\/24"}],"replies":[{"embeddable":true,"href":"https:\/\/mppee.gob.ve\/index.php?rest_route=%2Fwp%2Fv2%2Fcomments&post=92807"}],"version-history":[{"count":2,"href":"https:\/\/mppee.gob.ve\/index.php?rest_route=\/wp\/v2\/posts\/92807\/revisions"}],"predecessor-version":[{"id":92811,"href":"https:\/\/mppee.gob.ve\/index.php?rest_route=\/wp\/v2\/posts\/92807\/revisions\/92811"}],"wp:featuredmedia":[{"embeddable":true,"href":"https:\/\/mppee.gob.ve\/index.php?rest_route=\/wp\/v2\/media\/92808"}],"wp:attachment":[{"href":"https:\/\/mppee.gob.ve\/index.php?rest_route=%2Fwp%2Fv2%2Fmedia&parent=92807"}],"wp:term":[{"taxonomy":"category","embeddable":true,"href":"https:\/\/mppee.gob.ve\/index.php?rest_route=%2Fwp%2Fv2%2Fcategories&post=92807"},{"taxonomy":"post_tag","embeddable":true,"href":"https:\/\/mppee.gob.ve\/index.php?rest_route=%2Fwp%2Fv2%2Ftags&post=92807"}],"curies":[{"name":"wp","href":"https:\/\/api.w.org\/{rel}","templated":true}]}}