{"id":92891,"date":"2024-12-04T16:39:13","date_gmt":"2024-12-04T16:39:13","guid":{"rendered":"http:\/\/mppee.gob.ve\/?p=92891"},"modified":"2024-12-04T16:39:15","modified_gmt":"2024-12-04T16:39:15","slug":"mantenimiento-en-subestacion-juana-la-avanzadora-fortalece-el-servicio-a-mas-de-40-mil-monaguenses","status":"publish","type":"post","link":"https:\/\/mppee.gob.ve\/?p=92891","title":{"rendered":"Mantenimiento en Subestaci\u00f3n Juana La Avanzadora fortalece el servicio a m\u00e1s de 40 mil monaguenses"},"content":{"rendered":"\n<p><strong>Estado Monagas.-<\/strong> Con labores preventivas en la subestaci\u00f3n el\u00e9ctrica Juana La Avanzadora, ubicada en la ciudad de Matur\u00edn, la clase trabajadora de la Corporaci\u00f3n El\u00e9ctrica Nacional (Corpoelec) fortalece el sistema de transmisi\u00f3n de energ\u00eda y garantiza un servicio confiable a m\u00e1s de 40 mil monaguenses.<\/p>\n\n\n\n<p>Durante la jornada de mantenimiento, el personal t\u00e9cnico corrigi\u00f3 puntos calientes en los\u00a0conectores del polo Fase S y tipo mordaza del interruptor M-720, asociados a la l\u00ednea Juana La Avanzadora &#8211; Casanay I a 230 kV.<\/p>\n\n\n\n<p>Estas labores se desarrollan en el contexto del Plan de Estabilizaci\u00f3n y Fortalecimiento del Sistema El\u00e9ctrico Nacional (SEN) con la finalidad de optimizar la prestaci\u00f3n del suministro de energ\u00eda.<\/p>\n\n\n\n<p><strong>Prensa MPPEE &#8211; Corpoelec<\/strong><\/p>\n","protected":false},"excerpt":{"rendered":"<p>Estado Monagas.- Con labores preventivas en la subestaci\u00f3n el\u00e9ctrica Juana La Avanzadora, ubicada en la ciudad de Matur\u00edn, la clase<\/p>\n","protected":false},"author":24,"featured_media":92892,"comment_status":"closed","ping_status":"closed","sticky":false,"template":"","format":"standard","meta":{"footnotes":""},"categories":[1,30,7],"tags":[2838,2703],"class_list":["post-92891","post","type-post","status-publish","format-standard","has-post-thumbnail","hentry","category-mppee","category-regionales","category-sen","tag-juana-la-avanzadora","tag-monagas"],"_links":{"self":[{"href":"https:\/\/mppee.gob.ve\/index.php?rest_route=\/wp\/v2\/posts\/92891","targetHints":{"allow":["GET"]}}],"collection":[{"href":"https:\/\/mppee.gob.ve\/index.php?rest_route=\/wp\/v2\/posts"}],"about":[{"href":"https:\/\/mppee.gob.ve\/index.php?rest_route=\/wp\/v2\/types\/post"}],"author":[{"embeddable":true,"href":"https:\/\/mppee.gob.ve\/index.php?rest_route=\/wp\/v2\/users\/24"}],"replies":[{"embeddable":true,"href":"https:\/\/mppee.gob.ve\/index.php?rest_route=%2Fwp%2Fv2%2Fcomments&post=92891"}],"version-history":[{"count":1,"href":"https:\/\/mppee.gob.ve\/index.php?rest_route=\/wp\/v2\/posts\/92891\/revisions"}],"predecessor-version":[{"id":92893,"href":"https:\/\/mppee.gob.ve\/index.php?rest_route=\/wp\/v2\/posts\/92891\/revisions\/92893"}],"wp:featuredmedia":[{"embeddable":true,"href":"https:\/\/mppee.gob.ve\/index.php?rest_route=\/wp\/v2\/media\/92892"}],"wp:attachment":[{"href":"https:\/\/mppee.gob.ve\/index.php?rest_route=%2Fwp%2Fv2%2Fmedia&parent=92891"}],"wp:term":[{"taxonomy":"category","embeddable":true,"href":"https:\/\/mppee.gob.ve\/index.php?rest_route=%2Fwp%2Fv2%2Fcategories&post=92891"},{"taxonomy":"post_tag","embeddable":true,"href":"https:\/\/mppee.gob.ve\/index.php?rest_route=%2Fwp%2Fv2%2Ftags&post=92891"}],"curies":[{"name":"wp","href":"https:\/\/api.w.org\/{rel}","templated":true}]}}